{"id":1227,"date":"2015-08-19T12:46:59","date_gmt":"2015-08-19T10:46:59","guid":{"rendered":"http:\/\/blogg.improveme.se\/marieoddsson\/?p=1227"},"modified":"2015-08-19T12:46:59","modified_gmt":"2015-08-19T10:46:59","slug":"duger-vi","status":"publish","type":"post","link":"https:\/\/blogg.improveme.se\/marieoddsson\/2015\/08\/19\/duger-vi\/","title":{"rendered":"Duger vi?"},"content":{"rendered":"<p style=\"margin: 0cm 0cm 10pt\"><span style=\"color: #000000;font-family: Calibri;font-size: medium\">I dagens ledare i DN har Hanne Kj\u00f6ller skrivit om sk\u00f6nhetsnormer, n\u00e4r egna val blir andras ideal. Det \u00e4r m\u00e4rkligt hur vi kan st\u00e4lla till det f\u00f6r oss sj\u00e4lva, och hur de s.k. idealen styr oss. Hon ber\u00e4ttar om en m\u00f6rkhyad kvinna som \u00e4r gravid och besv\u00e4rad av kraftig huvudv\u00e4rk och sv\u00e5rt illam\u00e5ende. F\u00f6r att g\u00f6ra en l\u00e5ng story kort s\u00e5 togs prover p\u00e5 kvinnan. Efter flera unders\u00f6kningar och mycket huvudbry s\u00e5 konstaterades att kvinnan har under flera \u00e5r anv\u00e4nt ett hudblekningsmedel med kortison, med numera f\u00f6rbjudna kvicksilvret och hydrokinon som \u00e4r cancerframkallande. Det har gjort att hennes kropp dragit ner p\u00e5\u00a0den egna produktionen av kortison p\u00e5 sparl\u00e5ga. Hon \u00e4r l\u00e5ngt ifr\u00e5n ensam att anv\u00e4nda denna typ av preparat. WHO menar att 25-75 % av kvinnorna i l\u00e4nder som Sydafrika, Malaysia, Taiwan, Nigeria m.fl. anv\u00e4nder hudblekningsprodukter. I Afrika och Asien \u00e4r det betraktat som ett globalt folkh\u00e4lsoproblem, och det verkar sprida sig ytterligare till Nordamerika och Europa. <\/span><\/p>\n<p style=\"margin: 0cm 0cm 10pt\"><span style=\"color: #000000;font-family: Calibri;font-size: medium\">Mycket sorgligt anser jag, vi ser lite olika ut och det ska vi g\u00f6ra. Jag menar normalt sett s\u00e5 har vi en n\u00e4sa, tv\u00e5 \u00f6gon, tv\u00e5 h\u00e4nder etc., och det vore s\u00e5 tr\u00e5kigt om vi alla blev kopior av varandra. En d\u00e5 s\u00e5 har vi en stor del av jordens befolkning som har pigment i sin hud som regelbundet uts\u00e4tter sig f\u00f6r blekningsprodukter.\u00a0\u00c5h andra sidan s\u00e5\u00a0har vi den vita befolkningen som st\u00e4ndigt \u00e5ker p\u00e5 solresor i tid och otid f\u00f6r att f\u00e5 lite f\u00e4rg p\u00e5 nosen. <\/span><\/p>\n<p style=\"margin: 0cm 0cm 10pt\"><a href=\"http:\/\/blogg.improveme.se\/marieoddsson\/files\/2015\/08\/IMG_05811-e1439980827762.jpg\"><img loading=\"lazy\" decoding=\"async\" class=\"aligncenter size-large wp-image-1226\" src=\"http:\/\/blogg.improveme.se\/marieoddsson\/files\/2015\/08\/IMG_05811-755x566.jpg\" alt=\"IMG_0581[1]\" width=\"755\" height=\"566\" \/><\/a><\/p>\n<p style=\"margin: 0cm 0cm 10pt\"><span style=\"color: #000000;font-family: Calibri;font-size: medium\">Vad s\u00e4ger det h\u00e4r om oss? Sj\u00e4lv tycke jag att det \u00e4r vackert med f\u00e4rg i huden, man ser genast lite piggare ut.\u00a0Dock har jag mer eller mindre f\u00f6rlikat mig med att jag \u00e4r en blekfis och s\u00e5 kommer f\u00f6rbli. Andra problem uppst\u00e5r om man solar f\u00f6r mycket ocks\u00e5. X antal hudf\u00f6r\u00e4ndringar poppar upp b\u00e5de goda och mindre goda. S\u00e5 duger vi som vi \u00e4r? Vem best\u00e4mmer det? Vad tycker du? <\/span><\/p>\n","protected":false},"excerpt":{"rendered":"<p>I dagens ledare i DN har Hanne Kj\u00f6ller skrivit om sk\u00f6nhetsnormer, n\u00e4r egna val blir andras ideal. Det \u00e4r m\u00e4rkligt hur vi kan st\u00e4lla till det f\u00f6r oss sj\u00e4lva, och hur de s.k. idealen styr oss. Hon ber\u00e4ttar om en m\u00f6rkhyad kvinna som \u00e4r gravid och besv\u00e4rad av kraftig huvudv\u00e4rk och sv\u00e5rt illam\u00e5ende. F\u00f6r att &#8230; <a title=\"Duger vi?\" class=\"read-more\" href=\"https:\/\/blogg.improveme.se\/marieoddsson\/2015\/08\/19\/duger-vi\/\" aria-label=\"L\u00e4s mer om Duger vi?\">L\u00e4s mer<\/a><\/p>\n","protected":false},"author":9656,"featured_media":0,"comment_status":"open","ping_status":"open","sticky":false,"template":"","format":"standard","meta":{"footnotes":""},"categories":[1],"tags":[3,308,479,307],"class_list":["post-1227","post","type-post","status-publish","format-standard","hentry","category-okategoriserad","tag-halsa","tag-hudblekningsprodukter","tag-hudvard","tag-ideal"],"_links":{"self":[{"href":"https:\/\/blogg.improveme.se\/marieoddsson\/wp-json\/wp\/v2\/posts\/1227","targetHints":{"allow":["GET"]}}],"collection":[{"href":"https:\/\/blogg.improveme.se\/marieoddsson\/wp-json\/wp\/v2\/posts"}],"about":[{"href":"https:\/\/blogg.improveme.se\/marieoddsson\/wp-json\/wp\/v2\/types\/post"}],"author":[{"embeddable":true,"href":"https:\/\/blogg.improveme.se\/marieoddsson\/wp-json\/wp\/v2\/users\/9656"}],"replies":[{"embeddable":true,"href":"https:\/\/blogg.improveme.se\/marieoddsson\/wp-json\/wp\/v2\/comments?post=1227"}],"version-history":[{"count":0,"href":"https:\/\/blogg.improveme.se\/marieoddsson\/wp-json\/wp\/v2\/posts\/1227\/revisions"}],"wp:attachment":[{"href":"https:\/\/blogg.improveme.se\/marieoddsson\/wp-json\/wp\/v2\/media?parent=1227"}],"wp:term":[{"taxonomy":"category","embeddable":true,"href":"https:\/\/blogg.improveme.se\/marieoddsson\/wp-json\/wp\/v2\/categories?post=1227"},{"taxonomy":"post_tag","embeddable":true,"href":"https:\/\/blogg.improveme.se\/marieoddsson\/wp-json\/wp\/v2\/tags?post=1227"}],"curies":[{"name":"wp","href":"https:\/\/api.w.org\/{rel}","templated":true}]}}