{"id":1233,"date":"2015-08-21T22:28:13","date_gmt":"2015-08-21T20:28:13","guid":{"rendered":"http:\/\/blogg.improveme.se\/marieoddsson\/?p=1233"},"modified":"2015-08-21T22:28:13","modified_gmt":"2015-08-21T20:28:13","slug":"lang-arbetsdag","status":"publish","type":"post","link":"https:\/\/blogg.improveme.se\/marieoddsson\/2015\/08\/21\/lang-arbetsdag\/","title":{"rendered":"L\u00e5ng arbetsdag"},"content":{"rendered":"<p>Ibland s\u00e5 har man lite l\u00e4ngre arbetsdagar, i dag var en s\u00e5n dag. B\u00f6rjade med utbildning ute i Vallentuna f\u00f6r att forts\u00e4tta med event i city. Klar med det s\u00e5 var det \u00e5tertillbaka till kontoret f\u00f6r att l\u00e4mna hela packningen. V\u00e4l hemma s\u00e5 intog jag soffan i v\u00e5gr\u00e4tt l\u00e4ge. L\u00e4ngtar till i morgon d\u00e5 det har lovat vackert v\u00e4der. Lite sol, lite packa upp (vi \u00e4r fortfarande inte klara med alla flyttkartonger). Sen blir det nog att plocka lite \u00e4pplen i &#8221;v\u00e5r&#8221; tr\u00e4dg\u00e5rd.<\/p>\n<p><a href=\"http:\/\/blogg.improveme.se\/marieoddsson\/files\/2014\/09\/IMG_1753.jpg\"><img loading=\"lazy\" decoding=\"async\" class=\"aligncenter size-large wp-image-28\" src=\"http:\/\/blogg.improveme.se\/marieoddsson\/files\/2014\/09\/IMG_1753-755x755.jpg\" alt=\"IMG_1753\" width=\"755\" height=\"755\" srcset=\"https:\/\/blogg.improveme.se\/marieoddsson\/files\/2014\/09\/IMG_1753-755x755.jpg 755w, https:\/\/blogg.improveme.se\/marieoddsson\/files\/2014\/09\/IMG_1753-150x150.jpg 150w, https:\/\/blogg.improveme.se\/marieoddsson\/files\/2014\/09\/IMG_1753-300x300.jpg 300w, https:\/\/blogg.improveme.se\/marieoddsson\/files\/2014\/09\/IMG_1753.jpg 1024w\" sizes=\"auto, (max-width: 755px) 100vw, 755px\" \/><\/a><\/p>\n<p>\u00c4pplen som dom \u00e4r, \u00e4ppelmos, \u00e4ppelmust, \u00e4ppelpaj som sagt \u00e4pplen i det o\u00e4ndliga. Massor med nyttigheter i denna f\u00f6rpackning och oh s\u00e5 gott. Bra f\u00f6r h\u00e4lsan och s\u00e4kerligen f\u00f6r huden om du inte \u00e4r stenfruktallergiker.<\/p>\n<p>Trevlig helg!<\/p>\n","protected":false},"excerpt":{"rendered":"<p>Ibland s\u00e5 har man lite l\u00e4ngre arbetsdagar, i dag var en s\u00e5n dag. B\u00f6rjade med utbildning ute i Vallentuna f\u00f6r att forts\u00e4tta med event i city. Klar med det s\u00e5 var det \u00e5tertillbaka till kontoret f\u00f6r att l\u00e4mna hela packningen. V\u00e4l hemma s\u00e5 intog jag soffan i v\u00e5gr\u00e4tt l\u00e4ge. L\u00e4ngtar till i morgon d\u00e5 det &#8230; <a title=\"L\u00e5ng arbetsdag\" class=\"read-more\" href=\"https:\/\/blogg.improveme.se\/marieoddsson\/2015\/08\/21\/lang-arbetsdag\/\" aria-label=\"L\u00e4s mer om L\u00e5ng arbetsdag\">L\u00e4s mer<\/a><\/p>\n","protected":false},"author":9656,"featured_media":0,"comment_status":"open","ping_status":"open","sticky":false,"template":"","format":"standard","meta":{"footnotes":""},"categories":[1],"tags":[3,287,479],"class_list":["post-1233","post","type-post","status-publish","format-standard","hentry","category-okategoriserad","tag-halsa","tag-helg","tag-hudvard"],"_links":{"self":[{"href":"https:\/\/blogg.improveme.se\/marieoddsson\/wp-json\/wp\/v2\/posts\/1233","targetHints":{"allow":["GET"]}}],"collection":[{"href":"https:\/\/blogg.improveme.se\/marieoddsson\/wp-json\/wp\/v2\/posts"}],"about":[{"href":"https:\/\/blogg.improveme.se\/marieoddsson\/wp-json\/wp\/v2\/types\/post"}],"author":[{"embeddable":true,"href":"https:\/\/blogg.improveme.se\/marieoddsson\/wp-json\/wp\/v2\/users\/9656"}],"replies":[{"embeddable":true,"href":"https:\/\/blogg.improveme.se\/marieoddsson\/wp-json\/wp\/v2\/comments?post=1233"}],"version-history":[{"count":0,"href":"https:\/\/blogg.improveme.se\/marieoddsson\/wp-json\/wp\/v2\/posts\/1233\/revisions"}],"wp:attachment":[{"href":"https:\/\/blogg.improveme.se\/marieoddsson\/wp-json\/wp\/v2\/media?parent=1233"}],"wp:term":[{"taxonomy":"category","embeddable":true,"href":"https:\/\/blogg.improveme.se\/marieoddsson\/wp-json\/wp\/v2\/categories?post=1233"},{"taxonomy":"post_tag","embeddable":true,"href":"https:\/\/blogg.improveme.se\/marieoddsson\/wp-json\/wp\/v2\/tags?post=1233"}],"curies":[{"name":"wp","href":"https:\/\/api.w.org\/{rel}","templated":true}]}}