{"id":1250,"date":"2015-08-28T09:53:21","date_gmt":"2015-08-28T07:53:21","guid":{"rendered":"http:\/\/blogg.improveme.se\/marieoddsson\/?p=1250"},"modified":"2015-08-28T09:53:21","modified_gmt":"2015-08-28T07:53:21","slug":"forhandsvisning-med-ingrid-bergman","status":"publish","type":"post","link":"https:\/\/blogg.improveme.se\/marieoddsson\/2015\/08\/28\/forhandsvisning-med-ingrid-bergman\/","title":{"rendered":"F\u00f6rhandsvisning med Ingrid Bergman"},"content":{"rendered":"<p>I g\u00e5r hade jag turen att f\u00e5 g\u00e5 p\u00e5 f\u00f6rhandsvisning och se, &#8211; Jag \u00e4r Ingrid. K\u00f6n ringlade sig l\u00e5ng l\u00e4ngs Sturegatan s\u00e5 jag var l\u00e5ngt ifr\u00e5n ensam om att vilja se filmen om denna ovanliga kvinna. Sjufaldigt Oscarsnominerad och trefaldigt Oscarsbel\u00f6nad var Ingrid Bergman en av Hollywoods starkast lysande stj\u00e4rnor.<\/p>\n<p><img loading=\"lazy\" decoding=\"async\" class=\"aligncenter size-large wp-image-1249\" src=\"http:\/\/blogg.improveme.se\/marieoddsson\/files\/2015\/08\/IMG_07351-755x566.jpg\" alt=\"IMG_0735[1]\" width=\"755\" height=\"566\" \/><\/p>\n<p>Regiss\u00f6ren Stig Bj\u00f6rkman tr\u00e4ffade Isabella Rosellini (Ingrid Bermans dotter) p\u00e5 en filfestival i Berlin 2011. Stig fick tillg\u00e5ng till en \u201dskattkista\u201d av filmer, fotografier, dagb\u00f6cker som Ingrid hade sparat genom \u00e5ren. Jag kan f\u00f6rundras \u00f6ver hur hon kunde spara allt detta med tanke p\u00e5 att hon flyttade en hel del under sitt liv.<\/p>\n<p>Filmen \u00e4r personlig om en kvinna som var f\u00f6re sin tid. Med stark viljestyrka och talang som ofta tog henne dit hon sj\u00e4lv ville. En annorlunda syn (f\u00f6r den tiden) p\u00e5 karri\u00e4r, p\u00e5 moderskap och \u00e4ktenskap\/k\u00e4rleksliv. \u00c4ven Ingrid reflekterade \u00f6ver att \u00e5ldras och att det inte skrevs\/skrivs s\u00e5 m\u00e5nga roller f\u00f6r kvinnor som har kommit en bit i livet.<\/p>\n<p><img loading=\"lazy\" decoding=\"async\" class=\"aligncenter size-large wp-image-1248\" src=\"http:\/\/blogg.improveme.se\/marieoddsson\/files\/2015\/08\/IMG_07391-755x755.jpg\" alt=\"IMG_0739[1]\" width=\"755\" height=\"755\" \/><\/p>\n<p>Tycker verkligen att ni ska g\u00e5 och se filen -Jag \u00e4r Ingrid. , den \u00e4r sev\u00e4rd, t\u00e4nkv\u00e4rd och ett stycke filmhistoria. Jag kan bara h\u00e5lla med Ingrid i ett av hennes citat, -Jag beg\u00e4r inte mycket. Jag vill bara ha allt-.<\/p>\n<p>Trevlig helg.<\/p>\n","protected":false},"excerpt":{"rendered":"<p>I g\u00e5r hade jag turen att f\u00e5 g\u00e5 p\u00e5 f\u00f6rhandsvisning och se, &#8211; Jag \u00e4r Ingrid. K\u00f6n ringlade sig l\u00e5ng l\u00e4ngs Sturegatan s\u00e5 jag var l\u00e5ngt ifr\u00e5n ensam om att vilja se filmen om denna ovanliga kvinna. Sjufaldigt Oscarsnominerad och trefaldigt Oscarsbel\u00f6nad var Ingrid Bergman en av Hollywoods starkast lysande stj\u00e4rnor. Regiss\u00f6ren Stig Bj\u00f6rkman tr\u00e4ffade &#8230; <a title=\"F\u00f6rhandsvisning med Ingrid Bergman\" class=\"read-more\" href=\"https:\/\/blogg.improveme.se\/marieoddsson\/2015\/08\/28\/forhandsvisning-med-ingrid-bergman\/\" aria-label=\"L\u00e4s mer om F\u00f6rhandsvisning med Ingrid Bergman\">L\u00e4s mer<\/a><\/p>\n","protected":false},"author":9656,"featured_media":0,"comment_status":"open","ping_status":"open","sticky":false,"template":"","format":"standard","meta":{"footnotes":""},"categories":[1],"tags":[3,479],"class_list":["post-1250","post","type-post","status-publish","format-standard","hentry","category-okategoriserad","tag-halsa","tag-hudvard"],"_links":{"self":[{"href":"https:\/\/blogg.improveme.se\/marieoddsson\/wp-json\/wp\/v2\/posts\/1250","targetHints":{"allow":["GET"]}}],"collection":[{"href":"https:\/\/blogg.improveme.se\/marieoddsson\/wp-json\/wp\/v2\/posts"}],"about":[{"href":"https:\/\/blogg.improveme.se\/marieoddsson\/wp-json\/wp\/v2\/types\/post"}],"author":[{"embeddable":true,"href":"https:\/\/blogg.improveme.se\/marieoddsson\/wp-json\/wp\/v2\/users\/9656"}],"replies":[{"embeddable":true,"href":"https:\/\/blogg.improveme.se\/marieoddsson\/wp-json\/wp\/v2\/comments?post=1250"}],"version-history":[{"count":0,"href":"https:\/\/blogg.improveme.se\/marieoddsson\/wp-json\/wp\/v2\/posts\/1250\/revisions"}],"wp:attachment":[{"href":"https:\/\/blogg.improveme.se\/marieoddsson\/wp-json\/wp\/v2\/media?parent=1250"}],"wp:term":[{"taxonomy":"category","embeddable":true,"href":"https:\/\/blogg.improveme.se\/marieoddsson\/wp-json\/wp\/v2\/categories?post=1250"},{"taxonomy":"post_tag","embeddable":true,"href":"https:\/\/blogg.improveme.se\/marieoddsson\/wp-json\/wp\/v2\/tags?post=1250"}],"curies":[{"name":"wp","href":"https:\/\/api.w.org\/{rel}","templated":true}]}}