{"id":1261,"date":"2015-09-02T10:58:27","date_gmt":"2015-09-02T08:58:27","guid":{"rendered":"http:\/\/blogg.improveme.se\/marieoddsson\/?p=1261"},"modified":"2015-09-02T10:58:27","modified_gmt":"2015-09-02T08:58:27","slug":"forkylningstider","status":"publish","type":"post","link":"https:\/\/blogg.improveme.se\/marieoddsson\/2015\/09\/02\/forkylningstider\/","title":{"rendered":"F\u00f6rkylningstider"},"content":{"rendered":"<p>Det m\u00e4rks att vi har b\u00f6rjat arbeta igen, att barnen b\u00f6rjat dagis och skolan. Det b\u00f6rjar nu bli sig likt p\u00e5 tunnelbanan och bussarna, tr\u00e5ngt. Nu b\u00f6rjar ocks\u00e5 det mindre roliga med f\u00f6rkylningar och hosta. Kommer som ett brev p\u00e5 posten varje sensommar- h\u00f6st. Sen \u00e4r det s\u00e5 att alla inte har vett att hosta \u201dr\u00e4tt\u201d, utan en del hostar rakt ut g\u00e4rna s\u00e5 att om man r\u00e5kar sitta eller st\u00e5 bredvid s\u00e5 f\u00e5r man sig en liten dusch. Att stanna hemma \u00e4r helt uteslutet f\u00f6r m\u00e5nga. N\u00e5gonstans kan jag ha f\u00f6rst\u00e5else f\u00f6r det, det handlar om ekonomin. Man f\u00f6rlorar f\u00f6r mycket pengar om man \u00e4r hemma. S\u00e5 \u00e4r man inte \u201ds\u00e4ng-ligge-l\u00e4ge\u201d s\u00e5 g\u00e5r man g\u00e4rna till jobbet \u00e4nd\u00e5. P\u00e5 bekostnad av att f\u00f6rkylningar m.m. bara g\u00e5r runt, runt, runt. S\u00e5 just nu passar jag p\u00e5\u00a0att b\u00f6rja boosta mig med min <a href=\"http:\/\/medicanord.se\" target=\"_blank\">Ester-C 1000mg <\/a>igen.<\/p>\n<p><a href=\"http:\/\/blogg.improveme.se\/marieoddsson\/files\/2015\/09\/ESTER-C-1000mg_2015-e1441183421646.jpeg\"><img loading=\"lazy\" decoding=\"async\" class=\"aligncenter size-large wp-image-1260\" src=\"http:\/\/blogg.improveme.se\/marieoddsson\/files\/2015\/09\/ESTER-C-1000mg_2015-755x577.jpeg\" alt=\"ESTER-C 1000mg_2015\" width=\"755\" height=\"577\" \/><\/a><\/p>\n<p>Mitt immunf\u00f6rsvar blir glad att f\u00e5 lite hj\u00e4lp och jag k\u00e4nner mig mindre tr\u00f6tt. Det bidrar \u00e4ven till normal kollagenbildning och att jag \u00f6kar mitt upptag av j\u00e4rn, och det beh\u00f6ver fram f\u00f6r allt\u00a0vi kvinnor. Men C-vitamin \u00e4r ocks\u00e5 bra f\u00f6r v\u00e5ran hud p\u00e5 m\u00e5nga andra s\u00e4tt, f\u00f6rhindrar att huden torkar ut, hj\u00e4lper till att &#8221;f\u00f6rnya&#8221; huden, ger\u00a0en fantastisk lyster\u00a0som den antioxidant den \u00e4r. \u00a0Sj\u00e4lvklar bra f\u00f6r alla att \u00e4ta lite extra c-vitamin i dessa tider.<\/p>\n<p>I morgon ska jag f\u00f6rs\u00f6ka springa f\u00f6rbi Hud och Kosmetikm\u00e4ssan, ses kanske d\u00e4r.<\/p>\n","protected":false},"excerpt":{"rendered":"<p>Det m\u00e4rks att vi har b\u00f6rjat arbeta igen, att barnen b\u00f6rjat dagis och skolan. Det b\u00f6rjar nu bli sig likt p\u00e5 tunnelbanan och bussarna, tr\u00e5ngt. Nu b\u00f6rjar ocks\u00e5 det mindre roliga med f\u00f6rkylningar och hosta. Kommer som ett brev p\u00e5 posten varje sensommar- h\u00f6st. Sen \u00e4r det s\u00e5 att alla inte har vett att hosta &#8230; <a title=\"F\u00f6rkylningstider\" class=\"read-more\" href=\"https:\/\/blogg.improveme.se\/marieoddsson\/2015\/09\/02\/forkylningstider\/\" aria-label=\"L\u00e4s mer om F\u00f6rkylningstider\">L\u00e4s mer<\/a><\/p>\n","protected":false},"author":9656,"featured_media":0,"comment_status":"open","ping_status":"open","sticky":false,"template":"","format":"standard","meta":{"footnotes":""},"categories":[1],"tags":[296,243,3,479],"class_list":["post-1261","post","type-post","status-publish","format-standard","hentry","category-okategoriserad","tag-c-vitamin","tag-ester-c","tag-halsa","tag-hudvard"],"_links":{"self":[{"href":"https:\/\/blogg.improveme.se\/marieoddsson\/wp-json\/wp\/v2\/posts\/1261","targetHints":{"allow":["GET"]}}],"collection":[{"href":"https:\/\/blogg.improveme.se\/marieoddsson\/wp-json\/wp\/v2\/posts"}],"about":[{"href":"https:\/\/blogg.improveme.se\/marieoddsson\/wp-json\/wp\/v2\/types\/post"}],"author":[{"embeddable":true,"href":"https:\/\/blogg.improveme.se\/marieoddsson\/wp-json\/wp\/v2\/users\/9656"}],"replies":[{"embeddable":true,"href":"https:\/\/blogg.improveme.se\/marieoddsson\/wp-json\/wp\/v2\/comments?post=1261"}],"version-history":[{"count":0,"href":"https:\/\/blogg.improveme.se\/marieoddsson\/wp-json\/wp\/v2\/posts\/1261\/revisions"}],"wp:attachment":[{"href":"https:\/\/blogg.improveme.se\/marieoddsson\/wp-json\/wp\/v2\/media?parent=1261"}],"wp:term":[{"taxonomy":"category","embeddable":true,"href":"https:\/\/blogg.improveme.se\/marieoddsson\/wp-json\/wp\/v2\/categories?post=1261"},{"taxonomy":"post_tag","embeddable":true,"href":"https:\/\/blogg.improveme.se\/marieoddsson\/wp-json\/wp\/v2\/tags?post=1261"}],"curies":[{"name":"wp","href":"https:\/\/api.w.org\/{rel}","templated":true}]}}