{"id":1316,"date":"2015-09-23T09:03:51","date_gmt":"2015-09-23T07:03:51","guid":{"rendered":"http:\/\/blogg.improveme.se\/marieoddsson\/?p=1316"},"modified":"2015-09-23T09:03:51","modified_gmt":"2015-09-23T07:03:51","slug":"langa-tata-fransar","status":"publish","type":"post","link":"https:\/\/blogg.improveme.se\/marieoddsson\/2015\/09\/23\/langa-tata-fransar\/","title":{"rendered":"L\u00e5nga t\u00e4ta fransar"},"content":{"rendered":"<p>Jag har aldrig haft l\u00e5nga, t\u00e4ta dockfransar, de var min lillasyster som fick. Sen m\u00e5nga \u00e5r tillbaka s\u00e5 har\u00a0marknaden f\u00f6r frans och brynprodukter sv\u00e4mmat \u00f6ver. Du kan sj\u00e4lvklart s\u00e4tta dit l\u00f6sfransar eller hela fransar sj\u00e4lv men \u00e4nnu hellre f\u00e5 hj\u00e4lp av de proffs som finns. De \u00e4r skickliga och fram f\u00f6r all s\u00e5 ser man resultatet med en g\u00e5ng. Jag provade ocks\u00e5 n\u00e5gra frans- och bryn serum n\u00e4r det begav sig. N\u00e5gra b\u00e4ttre och n\u00e5gra s\u00e4mre, och vissa f\u00f6rsvann fr\u00e5n marknaden av naturliga sk\u00e4l. Nu \u00e4r det dags igen, denna g\u00e5ng f\u00f6r Dr Temt\u00b4s aktiva serum f\u00f6r \u00f6gonfransar och \u00f6gonbryn.<\/p>\n<p><a href=\"http:\/\/blogg.improveme.se\/marieoddsson\/files\/2015\/09\/IMG_08751-e1442990664348.jpg\"><img loading=\"lazy\" decoding=\"async\" class=\"aligncenter size-large wp-image-1310\" src=\"http:\/\/blogg.improveme.se\/marieoddsson\/files\/2015\/09\/IMG_08751-755x566.jpg\" alt=\"IMG_0875[1]\" width=\"755\" height=\"566\" \/><\/a><\/p>\n<p>De aktiva ingredienserna \u00e4r, Svarta havet Rod Oil, som kommer fr\u00e5n en korall. \u00c4mnet ska se till att v\u00e5r tillv\u00e4xtfas (anagena) blir l\u00e4ngre. Sen att h\u00e5ret sitter l\u00e4ngre i \u00f6verg\u00e5ngsfasen (telogena). Den finns ocks\u00e5 hyaluronsyra, biotin som \u00e4r viktigt f\u00f6r ett h\u00e4lsosamt h\u00e5rstr\u00e5 samt D-panthenol som ska ge h\u00e5rstr\u00e5et n\u00e4ring, glans och volym. Jag ska kunna f\u00e5 upp till 3mm l\u00e4ngre fransar p\u00e5 6 veckor.<\/p>\n<p><a href=\"http:\/\/blogg.improveme.se\/marieoddsson\/files\/2015\/09\/IMG_08321-e1442991242614.jpg\"><img loading=\"lazy\" decoding=\"async\" class=\"aligncenter wp-image-1314 size-full\" src=\"http:\/\/blogg.improveme.se\/marieoddsson\/files\/2015\/09\/IMG_08321-e1442991242614.jpg\" alt=\"IMG_0832[1]\" width=\"733\" height=\"550\" srcset=\"https:\/\/blogg.improveme.se\/marieoddsson\/files\/2015\/09\/IMG_08321-e1442991242614.jpg 733w, https:\/\/blogg.improveme.se\/marieoddsson\/files\/2015\/09\/IMG_08321-e1442991242614-300x225.jpg 300w\" sizes=\"auto, (max-width: 733px) 100vw, 733px\" \/><\/a><\/p>\n<p>Fransarna p\u00e5 mitt v\u00e4nstra \u00f6ga (framifr\u00e5n h\u00f6gre \u00f6ga)\u00a0\u00e4r lite glesare och mitt v\u00e4nstra bryn beh\u00f6ver lite fler str\u00e5n f\u00f6r att matcha mitt h\u00f6gra. (sv\u00e5rt att f\u00e5 fram p\u00e5\u00a0bild) S\u00e5 nu b\u00f6rjar vi. Varje kv\u00e4ll ska jag anv\u00e4nda detta serum, s\u00e5 f\u00e5r vi se vad slutresultatet blir, jag \u00e5terkommer i \u00e4rendet.<\/p>\n<p>H\u00f6rs i morgon!<\/p>\n","protected":false},"excerpt":{"rendered":"<p>Jag har aldrig haft l\u00e5nga, t\u00e4ta dockfransar, de var min lillasyster som fick. Sen m\u00e5nga \u00e5r tillbaka s\u00e5 har\u00a0marknaden f\u00f6r frans och brynprodukter sv\u00e4mmat \u00f6ver. Du kan sj\u00e4lvklart s\u00e4tta dit l\u00f6sfransar eller hela fransar sj\u00e4lv men \u00e4nnu hellre f\u00e5 hj\u00e4lp av de proffs som finns. De \u00e4r skickliga och fram f\u00f6r all s\u00e5 ser man &#8230; <a title=\"L\u00e5nga t\u00e4ta fransar\" class=\"read-more\" href=\"https:\/\/blogg.improveme.se\/marieoddsson\/2015\/09\/23\/langa-tata-fransar\/\" aria-label=\"L\u00e4s mer om L\u00e5nga t\u00e4ta fransar\">L\u00e4s mer<\/a><\/p>\n","protected":false},"author":9656,"featured_media":0,"comment_status":"open","ping_status":"open","sticky":false,"template":"","format":"standard","meta":{"footnotes":""},"categories":[1],"tags":[293,3,479],"class_list":["post-1316","post","type-post","status-publish","format-standard","hentry","category-okategoriserad","tag-fransserum","tag-halsa","tag-hudvard"],"_links":{"self":[{"href":"https:\/\/blogg.improveme.se\/marieoddsson\/wp-json\/wp\/v2\/posts\/1316","targetHints":{"allow":["GET"]}}],"collection":[{"href":"https:\/\/blogg.improveme.se\/marieoddsson\/wp-json\/wp\/v2\/posts"}],"about":[{"href":"https:\/\/blogg.improveme.se\/marieoddsson\/wp-json\/wp\/v2\/types\/post"}],"author":[{"embeddable":true,"href":"https:\/\/blogg.improveme.se\/marieoddsson\/wp-json\/wp\/v2\/users\/9656"}],"replies":[{"embeddable":true,"href":"https:\/\/blogg.improveme.se\/marieoddsson\/wp-json\/wp\/v2\/comments?post=1316"}],"version-history":[{"count":0,"href":"https:\/\/blogg.improveme.se\/marieoddsson\/wp-json\/wp\/v2\/posts\/1316\/revisions"}],"wp:attachment":[{"href":"https:\/\/blogg.improveme.se\/marieoddsson\/wp-json\/wp\/v2\/media?parent=1316"}],"wp:term":[{"taxonomy":"category","embeddable":true,"href":"https:\/\/blogg.improveme.se\/marieoddsson\/wp-json\/wp\/v2\/categories?post=1316"},{"taxonomy":"post_tag","embeddable":true,"href":"https:\/\/blogg.improveme.se\/marieoddsson\/wp-json\/wp\/v2\/tags?post=1316"}],"curies":[{"name":"wp","href":"https:\/\/api.w.org\/{rel}","templated":true}]}}