{"id":1319,"date":"2015-09-24T14:18:35","date_gmt":"2015-09-24T12:18:35","guid":{"rendered":"http:\/\/blogg.improveme.se\/marieoddsson\/?p=1319"},"modified":"2015-09-24T14:18:35","modified_gmt":"2015-09-24T12:18:35","slug":"morkret-kommer-over","status":"publish","type":"post","link":"https:\/\/blogg.improveme.se\/marieoddsson\/2015\/09\/24\/morkret-kommer-over\/","title":{"rendered":"M\u00f6rkret kommer \u00f6ver"},"content":{"rendered":"<p>Jaha d\u00e5 var det dags igen, i dag tar m\u00f6rkret \u00f6ver, vi f\u00e5r mindre ljus och mer m\u00f6rker f\u00f6r varje dag som g\u00e5r nu ett tag fram\u00f6ver (det var H\u00f6stdagj\u00e4mning i g\u00e5r). D\u00e5 \u00e4r det \u00e4nnu viktigare att vi tar v\u00e5r D-vitamin och andra viktiga vitaminer och mineraler som \u00e4r ett m\u00e5ste f\u00f6r just dig. Tr\u00e4na regelbundet men i lagom dos f\u00f6r att h\u00e5lla dig stark, pigg och frisk. Unna dig mer av h\u00e4rlig hudv\u00e5rd, b\u00e5de hemma och p\u00e5 salong eller spa. Jag vill med andra ord s\u00e4ga att du ska ta hand om dig sj\u00e4lv och din hud, f\u00f6r nu kommer en lite p\u00e5frestande s\u00e4song f\u00f6r just v\u00e5r hud. <a href=\"http:\/\/blogg.improveme.se\/marieoddsson\/files\/2015\/09\/12027639_529631200519364_9083029523523944716_n1.jpg\"><img loading=\"lazy\" decoding=\"async\" class=\"aligncenter size-full wp-image-1318\" src=\"http:\/\/blogg.improveme.se\/marieoddsson\/files\/2015\/09\/12027639_529631200519364_9083029523523944716_n1.jpg\" alt=\"12027639_529631200519364_9083029523523944716_n[1]\" width=\"480\" height=\"480\" srcset=\"https:\/\/blogg.improveme.se\/marieoddsson\/files\/2015\/09\/12027639_529631200519364_9083029523523944716_n1.jpg 480w, https:\/\/blogg.improveme.se\/marieoddsson\/files\/2015\/09\/12027639_529631200519364_9083029523523944716_n1-150x150.jpg 150w, https:\/\/blogg.improveme.se\/marieoddsson\/files\/2015\/09\/12027639_529631200519364_9083029523523944716_n1-300x300.jpg 300w\" sizes=\"auto, (max-width: 480px) 100vw, 480px\" \/><\/a><\/p>\n<p>S\u00e5 s\u00e4tt lite guldkant p\u00e5 din vardag, sm\u00e5 sm\u00e5 saker kan g\u00f6ra skillnad. Sj\u00e4lv ska jag t\u00e4nda ett av mina favoritljus n\u00e4r jag kommer hem.<\/p>\n<p>H\u00f6rs i morgon \ud83d\ude42<\/p>\n<p>&nbsp;<\/p>\n","protected":false},"excerpt":{"rendered":"<p>Jaha d\u00e5 var det dags igen, i dag tar m\u00f6rkret \u00f6ver, vi f\u00e5r mindre ljus och mer m\u00f6rker f\u00f6r varje dag som g\u00e5r nu ett tag fram\u00f6ver (det var H\u00f6stdagj\u00e4mning i g\u00e5r). D\u00e5 \u00e4r det \u00e4nnu viktigare att vi tar v\u00e5r D-vitamin och andra viktiga vitaminer och mineraler som \u00e4r ett m\u00e5ste f\u00f6r just dig. &#8230; <a title=\"M\u00f6rkret kommer \u00f6ver\" class=\"read-more\" href=\"https:\/\/blogg.improveme.se\/marieoddsson\/2015\/09\/24\/morkret-kommer-over\/\" aria-label=\"L\u00e4s mer om M\u00f6rkret kommer \u00f6ver\">L\u00e4s mer<\/a><\/p>\n","protected":false},"author":9656,"featured_media":0,"comment_status":"open","ping_status":"open","sticky":false,"template":"","format":"standard","meta":{"footnotes":""},"categories":[1],"tags":[3,319,10],"class_list":["post-1319","post","type-post","status-publish","format-standard","hentry","category-okategoriserad","tag-halsa","tag-host","tag-hud"],"_links":{"self":[{"href":"https:\/\/blogg.improveme.se\/marieoddsson\/wp-json\/wp\/v2\/posts\/1319","targetHints":{"allow":["GET"]}}],"collection":[{"href":"https:\/\/blogg.improveme.se\/marieoddsson\/wp-json\/wp\/v2\/posts"}],"about":[{"href":"https:\/\/blogg.improveme.se\/marieoddsson\/wp-json\/wp\/v2\/types\/post"}],"author":[{"embeddable":true,"href":"https:\/\/blogg.improveme.se\/marieoddsson\/wp-json\/wp\/v2\/users\/9656"}],"replies":[{"embeddable":true,"href":"https:\/\/blogg.improveme.se\/marieoddsson\/wp-json\/wp\/v2\/comments?post=1319"}],"version-history":[{"count":0,"href":"https:\/\/blogg.improveme.se\/marieoddsson\/wp-json\/wp\/v2\/posts\/1319\/revisions"}],"wp:attachment":[{"href":"https:\/\/blogg.improveme.se\/marieoddsson\/wp-json\/wp\/v2\/media?parent=1319"}],"wp:term":[{"taxonomy":"category","embeddable":true,"href":"https:\/\/blogg.improveme.se\/marieoddsson\/wp-json\/wp\/v2\/categories?post=1319"},{"taxonomy":"post_tag","embeddable":true,"href":"https:\/\/blogg.improveme.se\/marieoddsson\/wp-json\/wp\/v2\/tags?post=1319"}],"curies":[{"name":"wp","href":"https:\/\/api.w.org\/{rel}","templated":true}]}}