{"id":1322,"date":"2015-09-25T10:15:37","date_gmt":"2015-09-25T08:15:37","guid":{"rendered":"http:\/\/blogg.improveme.se\/marieoddsson\/?p=1322"},"modified":"2015-09-25T10:15:37","modified_gmt":"2015-09-25T08:15:37","slug":"din-hud","status":"publish","type":"post","link":"https:\/\/blogg.improveme.se\/marieoddsson\/2015\/09\/25\/din-hud\/","title":{"rendered":"Din hud"},"content":{"rendered":"<p>Viken hudtyp du \u00e4n har, torr, fet, k\u00e4nslig, bland eller normal (och det \u00e4r det som alla str\u00e4var efter) s\u00e5 beh\u00f6ver den v\u00e5rdas och sk\u00f6tas om. Det \u00e4r viktigt att du hittar hudv\u00e5rdsrutiner som passar just dig, eftersom det ska g\u00f6ras tv\u00e5 g\u00e5nger per dag\/kv\u00e4ll.<\/p>\n<p><a href=\"http:\/\/blogg.improveme.se\/marieoddsson\/files\/2015\/09\/kvinna_spegel_600x600.jpg\"><img loading=\"lazy\" decoding=\"async\" class=\"aligncenter size-full wp-image-1321\" src=\"http:\/\/blogg.improveme.se\/marieoddsson\/files\/2015\/09\/kvinna_spegel_600x600.jpg\" alt=\"kvinna_spegel_600x600\" width=\"473\" height=\"473\" srcset=\"https:\/\/blogg.improveme.se\/marieoddsson\/files\/2015\/09\/kvinna_spegel_600x600.jpg 473w, https:\/\/blogg.improveme.se\/marieoddsson\/files\/2015\/09\/kvinna_spegel_600x600-150x150.jpg 150w, https:\/\/blogg.improveme.se\/marieoddsson\/files\/2015\/09\/kvinna_spegel_600x600-300x300.jpg 300w\" sizes=\"auto, (max-width: 473px) 100vw, 473px\" \/><\/a><\/p>\n<p>En reng\u00f6ring som lever upp till dina krav \u00e4r A och O. Spelar inte s\u00e5 stor roll vad du l\u00e4gger p\u00e5 huden om den inte \u00e4r rengjord. En kr\u00e4m som du gillar f\u00f6r att den g\u00f6r det den ska g\u00f6ra f\u00f6r just din hud, det vill s\u00e4ga mjukg\u00f6ra, \u00e5terfukta, strama upp, matta ner eller vad nu ditt \u00f6nskem\u00e5l \u00e4r. H\u00e4r finns det ocks\u00e5 sj\u00e4lvklart serum och oljor som du kan komplettera med. N\u00e5gon form av \u00f6gonprodukt \u00e4r ocks\u00e5 en bra investering f\u00f6r ditt k\u00e4nsliga \u00f6gonparti.<\/p>\n<p>\u00c5h du, gl\u00f6m inte att skydda din hud med en solskyddsfaktor, sj\u00e4lvklart d\u00e5 med en som b\u00e5de skyddar mot UVA- och UVB-str\u00e5lning.<\/p>\n<p>\u00d6nskar dig en trevlig helg!<\/p>\n","protected":false},"excerpt":{"rendered":"<p>Viken hudtyp du \u00e4n har, torr, fet, k\u00e4nslig, bland eller normal (och det \u00e4r det som alla str\u00e4var efter) s\u00e5 beh\u00f6ver den v\u00e5rdas och sk\u00f6tas om. Det \u00e4r viktigt att du hittar hudv\u00e5rdsrutiner som passar just dig, eftersom det ska g\u00f6ras tv\u00e5 g\u00e5nger per dag\/kv\u00e4ll. En reng\u00f6ring som lever upp till dina krav \u00e4r A &#8230; <a title=\"Din hud\" class=\"read-more\" href=\"https:\/\/blogg.improveme.se\/marieoddsson\/2015\/09\/25\/din-hud\/\" aria-label=\"L\u00e4s mer om Din hud\">L\u00e4s mer<\/a><\/p>\n","protected":false},"author":9656,"featured_media":0,"comment_status":"open","ping_status":"open","sticky":false,"template":"","format":"standard","meta":{"footnotes":""},"categories":[1],"tags":[3,479,320],"class_list":["post-1322","post","type-post","status-publish","format-standard","hentry","category-okategoriserad","tag-halsa","tag-hudvard","tag-rutiner"],"_links":{"self":[{"href":"https:\/\/blogg.improveme.se\/marieoddsson\/wp-json\/wp\/v2\/posts\/1322","targetHints":{"allow":["GET"]}}],"collection":[{"href":"https:\/\/blogg.improveme.se\/marieoddsson\/wp-json\/wp\/v2\/posts"}],"about":[{"href":"https:\/\/blogg.improveme.se\/marieoddsson\/wp-json\/wp\/v2\/types\/post"}],"author":[{"embeddable":true,"href":"https:\/\/blogg.improveme.se\/marieoddsson\/wp-json\/wp\/v2\/users\/9656"}],"replies":[{"embeddable":true,"href":"https:\/\/blogg.improveme.se\/marieoddsson\/wp-json\/wp\/v2\/comments?post=1322"}],"version-history":[{"count":0,"href":"https:\/\/blogg.improveme.se\/marieoddsson\/wp-json\/wp\/v2\/posts\/1322\/revisions"}],"wp:attachment":[{"href":"https:\/\/blogg.improveme.se\/marieoddsson\/wp-json\/wp\/v2\/media?parent=1322"}],"wp:term":[{"taxonomy":"category","embeddable":true,"href":"https:\/\/blogg.improveme.se\/marieoddsson\/wp-json\/wp\/v2\/categories?post=1322"},{"taxonomy":"post_tag","embeddable":true,"href":"https:\/\/blogg.improveme.se\/marieoddsson\/wp-json\/wp\/v2\/tags?post=1322"}],"curies":[{"name":"wp","href":"https:\/\/api.w.org\/{rel}","templated":true}]}}