{"id":1363,"date":"2015-10-16T13:43:14","date_gmt":"2015-10-16T11:43:14","guid":{"rendered":"http:\/\/blogg.improveme.se\/marieoddsson\/?p=1363"},"modified":"2015-10-16T13:43:14","modified_gmt":"2015-10-16T11:43:14","slug":"parfym","status":"publish","type":"post","link":"https:\/\/blogg.improveme.se\/marieoddsson\/2015\/10\/16\/parfym\/","title":{"rendered":"Parfym"},"content":{"rendered":"<p>L\u00e4ste ett inl\u00e4gg i g\u00e5r i Metro om det h\u00e4r med att vi sprutar p\u00e5 oss lite f\u00f6r mycket parfym i tid och otid. Parfym\u00f6verk\u00e4nslighet \u00e4r ett v\u00e4xande problem i v\u00e5rt samh\u00e4lle i dag, d\u00e4r precis allt ska lukta. I min utbildning till hudterapeut fick vi l\u00e4ra oss att inte ha n\u00e5gon parfym p\u00e5 sig alls n\u00e4r vi hade behandlingar p\u00e5 kunder. Ganska logiskt kan man tycka. F\u00f6r om jag nu betalar hundratals-tusentals kronor f\u00f6r att f\u00e5 en eller flera behandlingar s\u00e5 vill jag inte ha en person h\u00e4ngandes \u00f6ver mig som luktar n\u00e5got som jag inte gillar doften p\u00e5. F\u00f6r s\u00e5 \u00e4r det, vi gillar alla olika sorters dofter. Kryddiga, blommiga, tunga, l\u00e4tta, fr\u00e4sch och allt mitt i mellan. Sen har vi som sagt den v\u00e4xande skaran som inte t\u00e5l parfym. Parfym\u00f6verk\u00e4nnslighet kan vara b\u00e5de allergisk och icke allergiskt betingad. En del reagerar bara p\u00e5 doften och f\u00e5r huvudv\u00e4rk (inte s\u00e5 bara) och en del f\u00e5r mer allvarliga reaktioner med andn\u00f6d som f\u00f6ljd. \u00c4ven rinnande n\u00e4sa och \u00f6gon f\u00f6rekommer.<\/p>\n<p>Eftersom jag har en syster som \u00e4r astmatiker (hon \u00e4r atopiker ocks\u00e5)s\u00e5 blir jag alltid p\u00e5mind om att inte ha parfym alls, n\u00e4r vi ses. Astmatiker brukar ocks\u00e5 ha det jobbigt med parfym, oavsett om atman \u00e4r allergiskt eller ej, d\u00e5 parfymen irriterar luftr\u00f6ren.<\/p>\n<p>S\u00e5 i g\u00e5r n\u00e4r jag var p\u00e5 ett event hos AWB\u00a0och blev ombedd att ha liljor p\u00e5 v\u00e5rt bord s\u00e5 k\u00f6pte jag sj\u00e4lvklart doftfria liljor.<\/p>\n<p><a href=\"http:\/\/blogg.improveme.se\/marieoddsson\/files\/2015\/10\/IMG_09681-e1444995616330.jpg\"><img loading=\"lazy\" decoding=\"async\" class=\"aligncenter wp-image-1362 size-full\" src=\"http:\/\/blogg.improveme.se\/marieoddsson\/files\/2015\/10\/IMG_09681-e1444995616330.jpg\" alt=\"IMG_0968[1]\" width=\"550\" height=\"733\" srcset=\"https:\/\/blogg.improveme.se\/marieoddsson\/files\/2015\/10\/IMG_09681-e1444995616330.jpg 550w, https:\/\/blogg.improveme.se\/marieoddsson\/files\/2015\/10\/IMG_09681-e1444995616330-225x300.jpg 225w\" sizes=\"auto, (max-width: 550px) 100vw, 550px\" \/><\/a><\/p>\n<p>En vacker blomma som luktar otroligt mycket normalt s\u00e4tt. Trevligt att man faktiskt tar fram allternativ f\u00f6r dessa parfymer och doft\u00f6verk\u00e4nsliga personer. F\u00f6r det kan inte vara l\u00e4tt i v\u00e5rt samh\u00e4lle d\u00e4r vi har dille p\u00e5 doft. Det finns i deodoranter, tv\u00e5l, schampo, ljus, tv\u00e4tt-, sk\u00f6ljmedel och mycket mer. Ska t\u00e4nka lite mer p\u00e5 min omgivning n\u00e4sta g\u00e5ng jag anv\u00e4nder parfym<\/p>\n<p>Trevlig helg!<\/p>\n","protected":false},"excerpt":{"rendered":"<p>L\u00e4ste ett inl\u00e4gg i g\u00e5r i Metro om det h\u00e4r med att vi sprutar p\u00e5 oss lite f\u00f6r mycket parfym i tid och otid. Parfym\u00f6verk\u00e4nslighet \u00e4r ett v\u00e4xande problem i v\u00e5rt samh\u00e4lle i dag, d\u00e4r precis allt ska lukta. I min utbildning till hudterapeut fick vi l\u00e4ra oss att inte ha n\u00e5gon parfym p\u00e5 sig &#8230; <a title=\"Parfym\" class=\"read-more\" href=\"https:\/\/blogg.improveme.se\/marieoddsson\/2015\/10\/16\/parfym\/\" aria-label=\"L\u00e4s mer om Parfym\">L\u00e4s mer<\/a><\/p>\n","protected":false},"author":9656,"featured_media":0,"comment_status":"open","ping_status":"open","sticky":false,"template":"","format":"standard","meta":{"footnotes":""},"categories":[1],"tags":[228,3,326],"class_list":["post-1363","post","type-post","status-publish","format-standard","hentry","category-okategoriserad","tag-awb","tag-halsa","tag-parfymoverkanslig"],"_links":{"self":[{"href":"https:\/\/blogg.improveme.se\/marieoddsson\/wp-json\/wp\/v2\/posts\/1363","targetHints":{"allow":["GET"]}}],"collection":[{"href":"https:\/\/blogg.improveme.se\/marieoddsson\/wp-json\/wp\/v2\/posts"}],"about":[{"href":"https:\/\/blogg.improveme.se\/marieoddsson\/wp-json\/wp\/v2\/types\/post"}],"author":[{"embeddable":true,"href":"https:\/\/blogg.improveme.se\/marieoddsson\/wp-json\/wp\/v2\/users\/9656"}],"replies":[{"embeddable":true,"href":"https:\/\/blogg.improveme.se\/marieoddsson\/wp-json\/wp\/v2\/comments?post=1363"}],"version-history":[{"count":0,"href":"https:\/\/blogg.improveme.se\/marieoddsson\/wp-json\/wp\/v2\/posts\/1363\/revisions"}],"wp:attachment":[{"href":"https:\/\/blogg.improveme.se\/marieoddsson\/wp-json\/wp\/v2\/media?parent=1363"}],"wp:term":[{"taxonomy":"category","embeddable":true,"href":"https:\/\/blogg.improveme.se\/marieoddsson\/wp-json\/wp\/v2\/categories?post=1363"},{"taxonomy":"post_tag","embeddable":true,"href":"https:\/\/blogg.improveme.se\/marieoddsson\/wp-json\/wp\/v2\/tags?post=1363"}],"curies":[{"name":"wp","href":"https:\/\/api.w.org\/{rel}","templated":true}]}}