{"id":1378,"date":"2015-10-22T20:48:36","date_gmt":"2015-10-22T18:48:36","guid":{"rendered":"http:\/\/blogg.improveme.se\/marieoddsson\/?p=1378"},"modified":"2015-10-22T20:48:36","modified_gmt":"2015-10-22T18:48:36","slug":"mitt-fransserum","status":"publish","type":"post","link":"https:\/\/blogg.improveme.se\/marieoddsson\/2015\/10\/22\/mitt-fransserum\/","title":{"rendered":"Mitt fransserum"},"content":{"rendered":"<p style=\"margin: 0cm 0cm 10pt\"><span style=\"color: #000000;font-family: Calibri;font-size: medium\">F\u00f6r ca 3 veckor sen b\u00f6rjade jag med ett fransserum som ska f\u00f6rl\u00e4nga mina fransar med ca 3 mm. Jag har anv\u00e4nt det varje kv\u00e4ll helt enligt instruktionen. S\u00e5 h\u00e4r s\u00e5g jag ut n\u00e4r jag b\u00f6rjade, man kan inte beskylla mig f\u00f6r att ha dockfransar.<\/span><\/p>\n<p style=\"margin: 0cm 0cm 10pt\"><a href=\"http:\/\/blogg.improveme.se\/marieoddsson\/files\/2015\/09\/IMG_08321-e1442991242614.jpg\"><img loading=\"lazy\" decoding=\"async\" class=\"aligncenter wp-image-1314 \" src=\"http:\/\/blogg.improveme.se\/marieoddsson\/files\/2015\/09\/IMG_08321-e1442991242614.jpg\" alt=\"IMG_0832[1]\" width=\"733\" height=\"550\" srcset=\"https:\/\/blogg.improveme.se\/marieoddsson\/files\/2015\/09\/IMG_08321-e1442991242614.jpg 733w, https:\/\/blogg.improveme.se\/marieoddsson\/files\/2015\/09\/IMG_08321-e1442991242614-300x225.jpg 300w\" sizes=\"auto, (max-width: 733px) 100vw, 733px\" \/><\/a><\/p>\n<p style=\"margin: 0cm 0cm 10pt\"><span style=\"color: #000000;font-family: Calibri;font-size: medium\">S\u00e5 h\u00e4r ser jag ut 3 veckor senare,<\/span><\/p>\n<p style=\"margin: 0cm 0cm 10pt\"><a href=\"http:\/\/blogg.improveme.se\/marieoddsson\/files\/2015\/10\/IMG_10041-e1445453148517.jpg\"><img loading=\"lazy\" decoding=\"async\" class=\"aligncenter wp-image-1373 size-full\" src=\"http:\/\/blogg.improveme.se\/marieoddsson\/files\/2015\/10\/IMG_10041-e1445453148517.jpg\" alt=\"IMG_1004[1]\" width=\"550\" height=\"550\" srcset=\"https:\/\/blogg.improveme.se\/marieoddsson\/files\/2015\/10\/IMG_10041-e1445453148517.jpg 550w, https:\/\/blogg.improveme.se\/marieoddsson\/files\/2015\/10\/IMG_10041-e1445453148517-150x150.jpg 150w, https:\/\/blogg.improveme.se\/marieoddsson\/files\/2015\/10\/IMG_10041-e1445453148517-300x300.jpg 300w\" sizes=\"auto, (max-width: 550px) 100vw, 550px\" \/><\/a><\/p>\n<p style=\"margin: 0cm 0cm 10pt\"><span style=\"color: #000000;font-family: Calibri;font-size: medium\">\u00a0<\/span><span style=\"color: #000000;font-family: Calibri;font-size: medium\">Jag ser ingen skillnad alls. Nu t\u00e4nker jag fortsatta och ge det\u00a0en chans till ,f\u00f6r jag f\u00f6rst\u00e5r att det kan vara lite olika fr\u00e5n person till person. Men visst hade jag \u00f6nskat mig n\u00e5gon form av skillnad efter utlovad tid. S\u00e5 jag f\u00e5r \u00e5terkomma \u00e4nnu en g\u00e5ng i just detta frans \u201d\u00e4rende\u201d.<\/span><\/p>\n<p style=\"margin: 0cm 0cm 10pt\"><span style=\"color: #000000;font-family: Calibri;font-size: medium\">H\u00f6rs i morgon.<\/span><\/p>\n","protected":false},"excerpt":{"rendered":"<p>F\u00f6r ca 3 veckor sen b\u00f6rjade jag med ett fransserum som ska f\u00f6rl\u00e4nga mina fransar med ca 3 mm. Jag har anv\u00e4nt det varje kv\u00e4ll helt enligt instruktionen. S\u00e5 h\u00e4r s\u00e5g jag ut n\u00e4r jag b\u00f6rjade, man kan inte beskylla mig f\u00f6r att ha dockfransar. S\u00e5 h\u00e4r ser jag ut 3 veckor senare, \u00a0Jag ser &#8230; <a title=\"Mitt fransserum\" class=\"read-more\" href=\"https:\/\/blogg.improveme.se\/marieoddsson\/2015\/10\/22\/mitt-fransserum\/\" aria-label=\"L\u00e4s mer om Mitt fransserum\">L\u00e4s mer<\/a><\/p>\n","protected":false},"author":9656,"featured_media":0,"comment_status":"open","ping_status":"open","sticky":false,"template":"","format":"standard","meta":{"footnotes":""},"categories":[1],"tags":[329,3,479],"class_list":["post-1378","post","type-post","status-publish","format-standard","hentry","category-okategoriserad","tag-fransar","tag-halsa","tag-hudvard"],"_links":{"self":[{"href":"https:\/\/blogg.improveme.se\/marieoddsson\/wp-json\/wp\/v2\/posts\/1378","targetHints":{"allow":["GET"]}}],"collection":[{"href":"https:\/\/blogg.improveme.se\/marieoddsson\/wp-json\/wp\/v2\/posts"}],"about":[{"href":"https:\/\/blogg.improveme.se\/marieoddsson\/wp-json\/wp\/v2\/types\/post"}],"author":[{"embeddable":true,"href":"https:\/\/blogg.improveme.se\/marieoddsson\/wp-json\/wp\/v2\/users\/9656"}],"replies":[{"embeddable":true,"href":"https:\/\/blogg.improveme.se\/marieoddsson\/wp-json\/wp\/v2\/comments?post=1378"}],"version-history":[{"count":0,"href":"https:\/\/blogg.improveme.se\/marieoddsson\/wp-json\/wp\/v2\/posts\/1378\/revisions"}],"wp:attachment":[{"href":"https:\/\/blogg.improveme.se\/marieoddsson\/wp-json\/wp\/v2\/media?parent=1378"}],"wp:term":[{"taxonomy":"category","embeddable":true,"href":"https:\/\/blogg.improveme.se\/marieoddsson\/wp-json\/wp\/v2\/categories?post=1378"},{"taxonomy":"post_tag","embeddable":true,"href":"https:\/\/blogg.improveme.se\/marieoddsson\/wp-json\/wp\/v2\/tags?post=1378"}],"curies":[{"name":"wp","href":"https:\/\/api.w.org\/{rel}","templated":true}]}}