{"id":1394,"date":"2015-10-29T20:37:32","date_gmt":"2015-10-29T19:37:32","guid":{"rendered":"http:\/\/blogg.improveme.se\/marieoddsson\/?p=1394"},"modified":"2015-10-29T20:37:32","modified_gmt":"2015-10-29T19:37:32","slug":"din-hud-behover-fukt","status":"publish","type":"post","link":"https:\/\/blogg.improveme.se\/marieoddsson\/2015\/10\/29\/din-hud-behover-fukt\/","title":{"rendered":"Din hud beh\u00f6ver fukt"},"content":{"rendered":"<p>Var lite extra sn\u00e4ll mot din hud s\u00e5 h\u00e4r \u00e5rs. Huden blir torrare och d\u00e4rmed lite mer k\u00e4nslig. Boosta extra med fuktmaks fr\u00e5n Dr Temt. Sericin Hydro Mask som \u00e4r f\u00f6r en normal och till torr hud. Mandel- och hasseln\u00f6tsolja \u00e4r n\u00e4rande och mjukg\u00f6rande, Sericin bildar en \u00e5terfuktande, skyddande \u201dfilm\u201d p\u00e5 huden och ger en silkeslen k\u00e4nsla som \u00e4r \u00e5ldersf\u00f6rbyggande.<\/p>\n<p>Ett annat allternativ \u00e4r Hyro Coplex Ampull, ocks\u00e5 fr\u00e5n <a href=\"http:\/\/www.acasiashop.com\" target=\"_blank\">Dr Temt <\/a>som \u00e4r idealiskt f\u00f6r en fuktfattig och torr hud. H\u00f6gkoncentrerad hyaluronsyra ger huden en nystart och f\u00f6rb\u00e4ttras struktur, den \u00e4r intensivt \u00e5terfuktande och huden f\u00e5r en str\u00e5lande glans.<\/p>\n<p>B\u00e5da produkterna kan anv\u00e4nds som kur eller l\u00e4ggas in i din dagliga hudv\u00e5rdsrutin nu under h\u00f6sten och vintern.<\/p>\n<p>Sj\u00e4lvklart \u00e4r det ocks\u00e5 viktigt att du tv\u00e4ttar dig med en skonsam men effektiv produkt. Du vill inte torka ut din hud tv\u00e5 g\u00e5nger om dagen vid din reng\u00f6ringsrutin.  2 in 1 \u00e4r verkligen en effektiv och sn\u00e4ll reng\u00f6ring som g\u00f6r allt jag kan \u00f6nska av en reng\u00f6ring.<\/p>\n<p><a href=\"http:\/\/blogg.improveme.se\/marieoddsson\/files\/2015\/10\/IMG_105511-e1446147104944.jpg\"><img loading=\"lazy\" decoding=\"async\" class=\"aligncenter size-large wp-image-1393\" src=\"http:\/\/blogg.improveme.se\/marieoddsson\/files\/2015\/10\/IMG_105511-755x566.jpg\" alt=\"IMG_1055[1]\" width=\"755\" height=\"566\" \/><\/a><\/p>\n<p>F\u00f6rutom reng\u00f6r s\u00e5 \u00e5terfuktar den min hud med provitamin B 5 samt l\u00f6ser min make up. Man blir bortsk\u00e4md n\u00e4r man bara beh\u00f6ver en tub f\u00f6r allt. Mest tacksam \u00f6ver det \u00e4r jag n\u00e4r jag reser och tr\u00e4nar d\u00e5 min v\u00e4ska blir mycket l\u00e4ttare. Men sj\u00e4lvklart s\u00e5 blir \u00e4ven min vardag enklare d\u00e5 jag spar tid och pengar.<\/p>\n<p>H\u00f6rs i morgon J<\/p>\n","protected":false},"excerpt":{"rendered":"<p>Var lite extra sn\u00e4ll mot din hud s\u00e5 h\u00e4r \u00e5rs. Huden blir torrare och d\u00e4rmed lite mer k\u00e4nslig. Boosta extra med fuktmaks fr\u00e5n Dr Temt. Sericin Hydro Mask som \u00e4r f\u00f6r en normal och till torr hud. Mandel- och hasseln\u00f6tsolja \u00e4r n\u00e4rande och mjukg\u00f6rande, Sericin bildar en \u00e5terfuktande, skyddande \u201dfilm\u201d p\u00e5 huden och ger en &#8230; <a title=\"Din hud beh\u00f6ver fukt\" class=\"read-more\" href=\"https:\/\/blogg.improveme.se\/marieoddsson\/2015\/10\/29\/din-hud-behover-fukt\/\" aria-label=\"L\u00e4s mer om Din hud beh\u00f6ver fukt\">L\u00e4s mer<\/a><\/p>\n","protected":false},"author":9656,"featured_media":0,"comment_status":"open","ping_status":"open","sticky":false,"template":"","format":"standard","meta":{"footnotes":""},"categories":[1],"tags":[332,65,3,479,14],"class_list":["post-1394","post","type-post","status-publish","format-standard","hentry","category-okategoriserad","tag-dr-temt","tag-fukt","tag-halsa","tag-hudvard","tag-jabushe"],"_links":{"self":[{"href":"https:\/\/blogg.improveme.se\/marieoddsson\/wp-json\/wp\/v2\/posts\/1394","targetHints":{"allow":["GET"]}}],"collection":[{"href":"https:\/\/blogg.improveme.se\/marieoddsson\/wp-json\/wp\/v2\/posts"}],"about":[{"href":"https:\/\/blogg.improveme.se\/marieoddsson\/wp-json\/wp\/v2\/types\/post"}],"author":[{"embeddable":true,"href":"https:\/\/blogg.improveme.se\/marieoddsson\/wp-json\/wp\/v2\/users\/9656"}],"replies":[{"embeddable":true,"href":"https:\/\/blogg.improveme.se\/marieoddsson\/wp-json\/wp\/v2\/comments?post=1394"}],"version-history":[{"count":0,"href":"https:\/\/blogg.improveme.se\/marieoddsson\/wp-json\/wp\/v2\/posts\/1394\/revisions"}],"wp:attachment":[{"href":"https:\/\/blogg.improveme.se\/marieoddsson\/wp-json\/wp\/v2\/media?parent=1394"}],"wp:term":[{"taxonomy":"category","embeddable":true,"href":"https:\/\/blogg.improveme.se\/marieoddsson\/wp-json\/wp\/v2\/categories?post=1394"},{"taxonomy":"post_tag","embeddable":true,"href":"https:\/\/blogg.improveme.se\/marieoddsson\/wp-json\/wp\/v2\/tags?post=1394"}],"curies":[{"name":"wp","href":"https:\/\/api.w.org\/{rel}","templated":true}]}}