{"id":1403,"date":"2015-11-03T10:35:12","date_gmt":"2015-11-03T09:35:12","guid":{"rendered":"http:\/\/blogg.improveme.se\/marieoddsson\/?p=1403"},"modified":"2015-11-03T10:35:12","modified_gmt":"2015-11-03T09:35:12","slug":"parfymfri-vecka","status":"publish","type":"post","link":"https:\/\/blogg.improveme.se\/marieoddsson\/2015\/11\/03\/parfymfri-vecka\/","title":{"rendered":"Parfymfri vecka"},"content":{"rendered":"<p>Nu har Astma- och allerif\u00f6rbundet en uppmaning och en utmaning till oss alla som v\u00e4ljer att anv\u00e4nda parfym. De lanserar en parfymfri vecka!, tyv\u00e4rr s\u00e5 verkar det som om m\u00e5nga har missat detta. I dag finns doft\u00e4mne p\u00e5 s\u00e5 m\u00e5nga fler st\u00e4llen \u00e4n bara i parfymflaskan.<\/p>\n<p><a href=\"http:\/\/blogg.improveme.se\/marieoddsson\/files\/2015\/11\/IMG_10711-e1446542967899.jpg\"><img loading=\"lazy\" decoding=\"async\" class=\"aligncenter wp-image-1402 size-full\" src=\"http:\/\/blogg.improveme.se\/marieoddsson\/files\/2015\/11\/IMG_10711-e1446542967899.jpg\" alt=\"IMG_1071[1]\" width=\"550\" height=\"733\" srcset=\"https:\/\/blogg.improveme.se\/marieoddsson\/files\/2015\/11\/IMG_10711-e1446542967899.jpg 550w, https:\/\/blogg.improveme.se\/marieoddsson\/files\/2015\/11\/IMG_10711-e1446542967899-225x300.jpg 225w\" sizes=\"auto, (max-width: 550px) 100vw, 550px\" \/><\/a><\/p>\n<p>(inget fel p\u00e5 just dessa parfymer ovan, det g\u00e4ller alla parfymer \u00f6ver lag, denna vacka)<\/p>\n<p>I badrummet, i k\u00f6ket, i hallen h\u00e4nger folk en liten doftsprutande manick f\u00f6r att d\u00f6lja vissa lukter samt fr\u00e4scha upp rummen samtidigt. I gallerior finns dofts\u00e4ttning f\u00f6r att \u00f6ka f\u00f6rs\u00e4ljning, bilar luktar ny bil med hj\u00e4lp av parfym, ljus luktar \u00f6ppen brasa, havsbris och sj\u00e4lvklart olika blommor och frukter. \u00c4ven i min bransch finns m\u00e5nga doft\u00e4mnen. Jag skrev senast i sommaras om en produkt som jag g\u00e4rna ville ha och som ocks\u00e5 var \u00e4n slags skydd\/fukt och doft produkt f\u00f6r h\u00e5ret.\u00a0 S\u00e5 faktiskt fr\u00e5n v\u00e5ra h\u00e5rr\u00f6tter ner till skona s\u00e5 finns det doft\u00e4mnen som du kan anv\u00e4nda f\u00f6r att b\u00e5de d\u00f6lja men \u00e4ven f\u00f6rst\u00e4rka olika dofter.<\/p>\n<p>S\u00e5 jag har min lillasyster i \u00e5tanke n\u00e4r jag nu v\u00e4ljer att inte anv\u00e4nda n\u00e5gon parfym denna vecka. I \u00f6vrigt s\u00e5 tycker jag att n\u00e4r man anv\u00e4nder dofter s\u00e5 beh\u00f6ver man inte h\u00e4lla produkten \u00f6ver sig. Det kan bli olidligt f\u00f6r de flesta \u00e4ven f\u00f6r oss som t\u00e5l parfym (d\u00e5 kan man t\u00e4nka sig hur det \u00e4r f\u00f6r dem som \u00e4r allergiska).<\/p>\n<p>S\u00e5 \u00e4ven h\u00e4r b\u00f6r vi vara lite medm\u00e4nskliga och t\u00e4nka p\u00e5 n\u00e4r vi anv\u00e4nder parfym och \u00e4ven m\u00e4ngden som vi sprayar p\u00e5 oss.<\/p>\n<p>H\u00f6rs i morgon<\/p>\n","protected":false},"excerpt":{"rendered":"<p>Nu har Astma- och allerif\u00f6rbundet en uppmaning och en utmaning till oss alla som v\u00e4ljer att anv\u00e4nda parfym. De lanserar en parfymfri vecka!, tyv\u00e4rr s\u00e5 verkar det som om m\u00e5nga har missat detta. I dag finns doft\u00e4mne p\u00e5 s\u00e5 m\u00e5nga fler st\u00e4llen \u00e4n bara i parfymflaskan. (inget fel p\u00e5 just dessa parfymer ovan, det g\u00e4ller &#8230; <a title=\"Parfymfri vecka\" class=\"read-more\" href=\"https:\/\/blogg.improveme.se\/marieoddsson\/2015\/11\/03\/parfymfri-vecka\/\" aria-label=\"L\u00e4s mer om Parfymfri vecka\">L\u00e4s mer<\/a><\/p>\n","protected":false},"author":9656,"featured_media":0,"comment_status":"open","ping_status":"open","sticky":false,"template":"","format":"standard","meta":{"footnotes":""},"categories":[1],"tags":[3,479,336],"class_list":["post-1403","post","type-post","status-publish","format-standard","hentry","category-okategoriserad","tag-halsa","tag-hudvard","tag-parfymfri-vecka"],"_links":{"self":[{"href":"https:\/\/blogg.improveme.se\/marieoddsson\/wp-json\/wp\/v2\/posts\/1403","targetHints":{"allow":["GET"]}}],"collection":[{"href":"https:\/\/blogg.improveme.se\/marieoddsson\/wp-json\/wp\/v2\/posts"}],"about":[{"href":"https:\/\/blogg.improveme.se\/marieoddsson\/wp-json\/wp\/v2\/types\/post"}],"author":[{"embeddable":true,"href":"https:\/\/blogg.improveme.se\/marieoddsson\/wp-json\/wp\/v2\/users\/9656"}],"replies":[{"embeddable":true,"href":"https:\/\/blogg.improveme.se\/marieoddsson\/wp-json\/wp\/v2\/comments?post=1403"}],"version-history":[{"count":0,"href":"https:\/\/blogg.improveme.se\/marieoddsson\/wp-json\/wp\/v2\/posts\/1403\/revisions"}],"wp:attachment":[{"href":"https:\/\/blogg.improveme.se\/marieoddsson\/wp-json\/wp\/v2\/media?parent=1403"}],"wp:term":[{"taxonomy":"category","embeddable":true,"href":"https:\/\/blogg.improveme.se\/marieoddsson\/wp-json\/wp\/v2\/categories?post=1403"},{"taxonomy":"post_tag","embeddable":true,"href":"https:\/\/blogg.improveme.se\/marieoddsson\/wp-json\/wp\/v2\/tags?post=1403"}],"curies":[{"name":"wp","href":"https:\/\/api.w.org\/{rel}","templated":true}]}}