{"id":1406,"date":"2015-11-04T08:59:57","date_gmt":"2015-11-04T07:59:57","guid":{"rendered":"http:\/\/blogg.improveme.se\/marieoddsson\/?p=1406"},"modified":"2015-11-04T08:59:58","modified_gmt":"2015-11-04T07:59:58","slug":"sov-dig-brun","status":"publish","type":"post","link":"https:\/\/blogg.improveme.se\/marieoddsson\/2015\/11\/04\/sov-dig-brun\/","title":{"rendered":"Sov dig brun"},"content":{"rendered":"<p style=\"margin: 0cm 0cm 10pt\"><span style=\"color: #4b4b4b;line-height: 115%;font-family: 'Verdana','sans-serif';font-size: 9pt\">Denna Sleep-Mask-Tan fr\u00e5n James Read \u00e4r precis som det l\u00e5ter en brun-utan-sol mask. Till skillnad fr\u00e5n vanliga brun utan sol produkter s\u00e5 sover du med denna produkt. Den h\u00e4r produkten finns \u00e4ven f\u00f6r kroppen.Ska kombinera hudv\u00e5rdande ingredienser som Aloe Vera, gurka, hyaluronsyra som ska ta hand om din hud i ett v\u00e5rdande syfte samtidigt som du blir brun. S\u00e5 morgonen efter s\u00e5 vaknar du med en v\u00e4lm\u00e5ende solkysst hud. L\u00e5ter som en dr\u00f6m.<\/span><\/p>\n<p style=\"margin: 0cm 0cm 10pt\"><a href=\"http:\/\/blogg.improveme.se\/marieoddsson\/files\/2015\/11\/IMG_10681-e1446623613874.jpg\"><img loading=\"lazy\" decoding=\"async\" class=\"aligncenter size-large wp-image-1408\" src=\"http:\/\/blogg.improveme.se\/marieoddsson\/files\/2015\/11\/IMG_10681-755x566.jpg\" alt=\"IMG_1068[1]\" width=\"755\" height=\"566\" \/><\/a><\/p>\n<p style=\"margin: 0cm 0cm 10pt\"><span style=\"color: #4b4b4b;line-height: 115%;font-family: 'Verdana','sans-serif';font-size: 9pt\">Du ska l\u00e4gga den j\u00e4mt \u00f6ver ansikte och hals och kropp f\u00f6r att sen sussa s\u00f6tt. Det st\u00e5r \u00e4ven att du ska tv\u00e4tta dina h\u00e4nder noggrant efter att du har applicerat denna produkt. Konstigt nog ska den inte fl\u00e4cka ner mina s\u00e4ngkl\u00e4der eller mina \u00f6vriga kl\u00e4der, det l\u00e5ter bra.\u00a0L\u00e5ter ganska smart men jag tvivlar \u00e4nd\u00e5. Vanliga brun utan sol produkter tycker jag ofta \u00e4r sv\u00e5ra att f\u00e5 snyggt j\u00e4mna, om jag d\u00e5 sover i produkten s\u00e5 borde den \u201dskavas\u201dav mer p\u00e5 vissa st\u00e4llen. Om den nu g\u00e5r in snabbt i huden, varf\u00f6r ska jag d\u00e5 sova i den. N\u00e5ja jag \u00e4r ingen expert p\u00e5 brun-utan-sol produkter, utan mer en amat\u00f6r p\u00e5 detta omr\u00e5de. F\u00f6r vem vill inte g\u00e5 och l\u00e4gga sig med ett gl\u00e5migt, blekt ansikte och kropp f\u00f6r att vakna upp morgonen efter med en v\u00e4lm\u00e5ende solkysst hud. <\/span><\/p>\n<p style=\"margin: 0cm 0cm 10pt\">H\u00f6rs i morgon!<\/p>\n","protected":false},"excerpt":{"rendered":"<p>Denna Sleep-Mask-Tan fr\u00e5n James Read \u00e4r precis som det l\u00e5ter en brun-utan-sol mask. Till skillnad fr\u00e5n vanliga brun utan sol produkter s\u00e5 sover du med denna produkt. Den h\u00e4r produkten finns \u00e4ven f\u00f6r kroppen.Ska kombinera hudv\u00e5rdande ingredienser som Aloe Vera, gurka, hyaluronsyra som ska ta hand om din hud i ett v\u00e5rdande syfte samtidigt som &#8230; <a title=\"Sov dig brun\" class=\"read-more\" href=\"https:\/\/blogg.improveme.se\/marieoddsson\/2015\/11\/04\/sov-dig-brun\/\" aria-label=\"L\u00e4s mer om Sov dig brun\">L\u00e4s mer<\/a><\/p>\n","protected":false},"author":9656,"featured_media":0,"comment_status":"open","ping_status":"open","sticky":false,"template":"","format":"standard","meta":{"footnotes":""},"categories":[1],"tags":[337,3,479],"class_list":["post-1406","post","type-post","status-publish","format-standard","hentry","category-okategoriserad","tag-brun-utan-sol","tag-halsa","tag-hudvard"],"_links":{"self":[{"href":"https:\/\/blogg.improveme.se\/marieoddsson\/wp-json\/wp\/v2\/posts\/1406","targetHints":{"allow":["GET"]}}],"collection":[{"href":"https:\/\/blogg.improveme.se\/marieoddsson\/wp-json\/wp\/v2\/posts"}],"about":[{"href":"https:\/\/blogg.improveme.se\/marieoddsson\/wp-json\/wp\/v2\/types\/post"}],"author":[{"embeddable":true,"href":"https:\/\/blogg.improveme.se\/marieoddsson\/wp-json\/wp\/v2\/users\/9656"}],"replies":[{"embeddable":true,"href":"https:\/\/blogg.improveme.se\/marieoddsson\/wp-json\/wp\/v2\/comments?post=1406"}],"version-history":[{"count":0,"href":"https:\/\/blogg.improveme.se\/marieoddsson\/wp-json\/wp\/v2\/posts\/1406\/revisions"}],"wp:attachment":[{"href":"https:\/\/blogg.improveme.se\/marieoddsson\/wp-json\/wp\/v2\/media?parent=1406"}],"wp:term":[{"taxonomy":"category","embeddable":true,"href":"https:\/\/blogg.improveme.se\/marieoddsson\/wp-json\/wp\/v2\/categories?post=1406"},{"taxonomy":"post_tag","embeddable":true,"href":"https:\/\/blogg.improveme.se\/marieoddsson\/wp-json\/wp\/v2\/tags?post=1406"}],"curies":[{"name":"wp","href":"https:\/\/api.w.org\/{rel}","templated":true}]}}