{"id":1414,"date":"2015-11-09T08:26:05","date_gmt":"2015-11-09T07:26:05","guid":{"rendered":"http:\/\/blogg.improveme.se\/marieoddsson\/?p=1414"},"modified":"2015-11-09T08:26:05","modified_gmt":"2015-11-09T07:26:05","slug":"nu-sa-har-det-nog-hant","status":"publish","type":"post","link":"https:\/\/blogg.improveme.se\/marieoddsson\/2015\/11\/09\/nu-sa-har-det-nog-hant\/","title":{"rendered":"Nu s\u00e5 har det nog h\u00e4nt"},"content":{"rendered":"<p>Mina fransar har nog blivit lite l\u00e4ngre \u00e4n de var f\u00f6rut. Har nu anv\u00e4nt Dr Temt\u00b4s Magic Lashes serumet i dubbelt s\u00e5 l\u00e5ng tid \u00e4n vad som st\u00e5r p\u00e5 f\u00f6rpackningen.<br \/>\n<a href=\"http:\/\/blogg.improveme.se\/marieoddsson\/files\/2015\/11\/IMG_10821-e1447053729339.jpg\"><img loading=\"lazy\" decoding=\"async\" src=\"http:\/\/blogg.improveme.se\/marieoddsson\/files\/2015\/11\/IMG_10821-755x566.jpg\" alt=\"IMG_1082[1]\" width=\"755\" height=\"566\" class=\"aligncenter size-large wp-image-1413\" \/><\/a><br \/>\n\u00d6nskar att de p\u00e5 samma g\u00e5ng kunde bli lite t\u00e4tare, lite m\u00f6rkare och lite mer upp\u00e5tb\u00f6jda, om man nu f\u00e5r \u00f6nska lite ha, ha. Det \u00e4r s\u00e5 vackert med en t\u00e4t, l\u00e5ng m\u00f6rk fransrad. \u00d6gonen ramas in, blicken blir mer intensifierad och man ser fram f\u00f6r allt lite piggare ut. Och m\u00e5nga som inte \u00e4r f\u00f6dd med dessa dockfransar l\u00e4gger i dag ner b\u00e5de tid och pengar p\u00e5 just detta omr\u00e5de. Det \u00e4r f\u00f6rh\u00e5llandevis billigt och g\u00e5r ganska fort att f\u00e5 dessa dock\u00f6gon. N\u00e5ja trots att det g\u00e5r ganska fort s\u00e5 \u00e4r det d\u00e4r med tiden ett aber f\u00f6r mig. Eller r\u00e4ttare sagt jag prioriterar andra saker kort och gott. Men om nu detta serum kan hj\u00e4lpa mig s\u00e5 fors\u00e4tter jag g\u00e4rna ett tag till.<br \/>\nH\u00f6rs i morgon<\/p>\n","protected":false},"excerpt":{"rendered":"<p>Mina fransar har nog blivit lite l\u00e4ngre \u00e4n de var f\u00f6rut. Har nu anv\u00e4nt Dr Temt\u00b4s Magic Lashes serumet i dubbelt s\u00e5 l\u00e5ng tid \u00e4n vad som st\u00e5r p\u00e5 f\u00f6rpackningen. \u00d6nskar att de p\u00e5 samma g\u00e5ng kunde bli lite t\u00e4tare, lite m\u00f6rkare och lite mer upp\u00e5tb\u00f6jda, om man nu f\u00e5r \u00f6nska lite ha, ha. Det &#8230; <a title=\"Nu s\u00e5 har det nog h\u00e4nt\" class=\"read-more\" href=\"https:\/\/blogg.improveme.se\/marieoddsson\/2015\/11\/09\/nu-sa-har-det-nog-hant\/\" aria-label=\"L\u00e4s mer om Nu s\u00e5 har det nog h\u00e4nt\">L\u00e4s mer<\/a><\/p>\n","protected":false},"author":9656,"featured_media":0,"comment_status":"open","ping_status":"open","sticky":false,"template":"","format":"standard","meta":{"footnotes":""},"categories":[1],"tags":[332,293,3,479],"class_list":["post-1414","post","type-post","status-publish","format-standard","hentry","category-okategoriserad","tag-dr-temt","tag-fransserum","tag-halsa","tag-hudvard"],"_links":{"self":[{"href":"https:\/\/blogg.improveme.se\/marieoddsson\/wp-json\/wp\/v2\/posts\/1414","targetHints":{"allow":["GET"]}}],"collection":[{"href":"https:\/\/blogg.improveme.se\/marieoddsson\/wp-json\/wp\/v2\/posts"}],"about":[{"href":"https:\/\/blogg.improveme.se\/marieoddsson\/wp-json\/wp\/v2\/types\/post"}],"author":[{"embeddable":true,"href":"https:\/\/blogg.improveme.se\/marieoddsson\/wp-json\/wp\/v2\/users\/9656"}],"replies":[{"embeddable":true,"href":"https:\/\/blogg.improveme.se\/marieoddsson\/wp-json\/wp\/v2\/comments?post=1414"}],"version-history":[{"count":0,"href":"https:\/\/blogg.improveme.se\/marieoddsson\/wp-json\/wp\/v2\/posts\/1414\/revisions"}],"wp:attachment":[{"href":"https:\/\/blogg.improveme.se\/marieoddsson\/wp-json\/wp\/v2\/media?parent=1414"}],"wp:term":[{"taxonomy":"category","embeddable":true,"href":"https:\/\/blogg.improveme.se\/marieoddsson\/wp-json\/wp\/v2\/categories?post=1414"},{"taxonomy":"post_tag","embeddable":true,"href":"https:\/\/blogg.improveme.se\/marieoddsson\/wp-json\/wp\/v2\/tags?post=1414"}],"curies":[{"name":"wp","href":"https:\/\/api.w.org\/{rel}","templated":true}]}}