{"id":1446,"date":"2015-12-08T10:18:30","date_gmt":"2015-12-08T09:18:30","guid":{"rendered":"http:\/\/blogg.improveme.se\/marieoddsson\/?p=1446"},"modified":"2015-12-08T10:18:31","modified_gmt":"2015-12-08T09:18:31","slug":"kyla-vs-varme","status":"publish","type":"post","link":"https:\/\/blogg.improveme.se\/marieoddsson\/2015\/12\/08\/kyla-vs-varme\/","title":{"rendered":"Kyla vs v\u00e4rme"},"content":{"rendered":"<p>Ja f\u00f6r mig \u00e4r det ganska l\u00e4tt att v\u00e4lja, jag v\u00e4ljer v\u00e4rmen. Kanske f\u00f6r att vi inte \u00e4r allt f\u00f6r bortsk\u00e4mda med v\u00e4rmen i v\u00e5rt avl\u00e5nga land. Men jag gillar \u00e4ven de andra \u00e5rstiderna. Anser nog att det \u00e4r en lyx att vi har de fyra \u00e5rstiderna, tyv\u00e4rr s\u00e5 verkar det flyta ihop lite v\u00e4l mycket, och i emellan\u00e5t \u00e4r det bara gr\u00e5tt och slaskigt, vad \u00e4r det f\u00f6r \u00e5rstid? N\u00e4r det \u00e4r kallt ute s\u00e5 blir man l\u00e4ttare f\u00f6rkyld, bakterierna och virus sprider sig l\u00e4ttare i kall torr luft. Slemhinnor blir d\u00e5 l\u00e4ttare torra och infektionsk\u00e4nsliga. Vanliga ledproblem kommer ocks\u00e5 med kylan.<\/p>\n<p>Sj\u00e4lvklart s\u00e5 m\u00e5r min hud b\u00e4ttre i v\u00e4rmen ocks\u00e5 (mer normal v\u00e4rme). Nu s\u00e5 blir den torrare, k\u00e4nsligare, mer fnasig, lite irriterad och r\u00f6dfnasig. S\u00e5 det blir att jag boostar min hud med \u00e4nnu mer mjukg\u00f6rande och \u00e5terfuktande \u00e4mnen. Ett serum, en olja en rikare kr\u00e4m kan vara p\u00e5 sin plats. Sj\u00e4lv sover jag g\u00e4rna med en fuktmask f\u00f6r att riktigt fylla p\u00e5 med fukt.<\/p>\n<p>Sen \u00e4r det personligt var man tycker \u00e4r varmt och kallt. Jag \u00e4r ganska \u201dpicky\u201d n\u00e4r det kommer till vattentemperaturer. P\u00e5 Kuba tyckte jag att det var helt underbart i vattnet med en temperatur som var mellan 26-28 grader. En av mina v\u00e4nner som var med tyckte att det var f\u00f6r varmt, ingen svalka alls. Tre kubaner som kom ner till stranden utf\u00f6rde tydligen n\u00e5gon form av mandomsprov. F\u00f6r dem var det tydligen hiskeligt kallt. N\u00e5ja alla \u00e5rstider har sin charm och just nu l\u00e4ngtar jag efter sn\u00f6. Sn\u00f6flingor \u00e4r verkligen rogivande och vackra att titta p\u00e5.<\/p>\n<p><a href=\"http:\/\/blogg.improveme.se\/marieoddsson\/files\/2015\/12\/12299397_549166435232507_7942106236617859302_n1.jpg\"><img loading=\"lazy\" decoding=\"async\" class=\"aligncenter size-full wp-image-1445\" src=\"http:\/\/blogg.improveme.se\/marieoddsson\/files\/2015\/12\/12299397_549166435232507_7942106236617859302_n1.jpg\" alt=\"12299397_549166435232507_7942106236617859302_n[1]\" width=\"236\" height=\"334\" srcset=\"https:\/\/blogg.improveme.se\/marieoddsson\/files\/2015\/12\/12299397_549166435232507_7942106236617859302_n1.jpg 236w, https:\/\/blogg.improveme.se\/marieoddsson\/files\/2015\/12\/12299397_549166435232507_7942106236617859302_n1-211x300.jpg 211w\" sizes=\"auto, (max-width: 236px) 100vw, 236px\" \/><\/a>S\u00e5 k\u00e4nn dig som en sn\u00f6flinga, annorlunda p\u00e5 ditt egna vackra s\u00e4tt.<\/p>\n<p>H\u00f6rs i morgon<\/p>\n","protected":false},"excerpt":{"rendered":"<p>Ja f\u00f6r mig \u00e4r det ganska l\u00e4tt att v\u00e4lja, jag v\u00e4ljer v\u00e4rmen. Kanske f\u00f6r att vi inte \u00e4r allt f\u00f6r bortsk\u00e4mda med v\u00e4rmen i v\u00e5rt avl\u00e5nga land. Men jag gillar \u00e4ven de andra \u00e5rstiderna. Anser nog att det \u00e4r en lyx att vi har de fyra \u00e5rstiderna, tyv\u00e4rr s\u00e5 verkar det flyta ihop lite v\u00e4l &#8230; <a title=\"Kyla vs v\u00e4rme\" class=\"read-more\" href=\"https:\/\/blogg.improveme.se\/marieoddsson\/2015\/12\/08\/kyla-vs-varme\/\" aria-label=\"L\u00e4s mer om Kyla vs v\u00e4rme\">L\u00e4s mer<\/a><\/p>\n","protected":false},"author":9656,"featured_media":0,"comment_status":"open","ping_status":"open","sticky":false,"template":"","format":"standard","meta":{"footnotes":""},"categories":[1],"tags":[65,3,479],"class_list":["post-1446","post","type-post","status-publish","format-standard","hentry","category-okategoriserad","tag-fukt","tag-halsa","tag-hudvard"],"_links":{"self":[{"href":"https:\/\/blogg.improveme.se\/marieoddsson\/wp-json\/wp\/v2\/posts\/1446","targetHints":{"allow":["GET"]}}],"collection":[{"href":"https:\/\/blogg.improveme.se\/marieoddsson\/wp-json\/wp\/v2\/posts"}],"about":[{"href":"https:\/\/blogg.improveme.se\/marieoddsson\/wp-json\/wp\/v2\/types\/post"}],"author":[{"embeddable":true,"href":"https:\/\/blogg.improveme.se\/marieoddsson\/wp-json\/wp\/v2\/users\/9656"}],"replies":[{"embeddable":true,"href":"https:\/\/blogg.improveme.se\/marieoddsson\/wp-json\/wp\/v2\/comments?post=1446"}],"version-history":[{"count":0,"href":"https:\/\/blogg.improveme.se\/marieoddsson\/wp-json\/wp\/v2\/posts\/1446\/revisions"}],"wp:attachment":[{"href":"https:\/\/blogg.improveme.se\/marieoddsson\/wp-json\/wp\/v2\/media?parent=1446"}],"wp:term":[{"taxonomy":"category","embeddable":true,"href":"https:\/\/blogg.improveme.se\/marieoddsson\/wp-json\/wp\/v2\/categories?post=1446"},{"taxonomy":"post_tag","embeddable":true,"href":"https:\/\/blogg.improveme.se\/marieoddsson\/wp-json\/wp\/v2\/tags?post=1446"}],"curies":[{"name":"wp","href":"https:\/\/api.w.org\/{rel}","templated":true}]}}