{"id":1465,"date":"2015-12-15T12:33:07","date_gmt":"2015-12-15T11:33:07","guid":{"rendered":"http:\/\/blogg.improveme.se\/marieoddsson\/?p=1465"},"modified":"2015-12-15T12:33:07","modified_gmt":"2015-12-15T11:33:07","slug":"mina-fransar","status":"publish","type":"post","link":"https:\/\/blogg.improveme.se\/marieoddsson\/2015\/12\/15\/mina-fransar\/","title":{"rendered":"Mina fransar!!"},"content":{"rendered":"<p>Nu har det h\u00e4nt med Dr Temt\u00b4s Magic Lashes. Mina fransar har definitivt blivit l\u00e4ngre! S\u00e5 kul tycker jag som har korta ganska tunna fransar. Det tog som sagt inte tre veckor som instruktionen sa, men jag vet samtidigt att det \u00e4r mycket individuellt hur fort det g\u00e5r innan man kan se resultat. Det g\u00f6r s\u00e5 otroligt mycket n\u00e4r man f\u00e5 lite l\u00e4ngd p\u00e5 sina fransar, \u00f6gat blir piggare och mer inramat. S\u00e5 detta f\u00e5r jag verkligen forts\u00e4tta med.<\/p>\n<p><a href=\"http:\/\/blogg.improveme.se\/marieoddsson\/files\/2015\/12\/IMG_20821-e1450082503152.jpg\"><img loading=\"lazy\" decoding=\"async\" class=\"aligncenter wp-image-1460 size-full\" src=\"http:\/\/blogg.improveme.se\/marieoddsson\/files\/2015\/12\/IMG_20821-e1450082503152.jpg\" alt=\"IMG_2082[1]\" width=\"550\" height=\"550\" srcset=\"https:\/\/blogg.improveme.se\/marieoddsson\/files\/2015\/12\/IMG_20821-e1450082503152.jpg 550w, https:\/\/blogg.improveme.se\/marieoddsson\/files\/2015\/12\/IMG_20821-e1450082503152-150x150.jpg 150w, https:\/\/blogg.improveme.se\/marieoddsson\/files\/2015\/12\/IMG_20821-e1450082503152-300x300.jpg 300w\" sizes=\"auto, (max-width: 550px) 100vw, 550px\" \/><\/a><\/p>\n<p>Min v\u00e4ninna har d\u00e4remot tappat flera fransar p\u00e5 \u00f6vre fransraden vilket g\u00f6r att det har blivit en ganska stor lucka d\u00e4r det saknas fransar helt. Sj\u00e4lvklart s\u00e5 st\u00f6r hon sig p\u00e5 detta v\u00e4ldigt mycket. En normal livscykel f\u00f6r \u00f6gonfransar \u00e4r tv\u00e5 till tre m\u00e5nader. Fransen g\u00e5r igenom sin v\u00e4xtfas (anagen) f\u00f6r att stanna upp i vilofasen (katagen) och slutligen f\u00f6r att lossna och ge plats f\u00f6r en ny frans, \u00f6veg\u00e5ngsfasen (telogen). S\u00e5 i v\u00e5rt vanliga leverne s\u00e5 tappar vi fransar som byts ut med j\u00e4mna mellanrum. Att stressa kan g\u00f6ra att man tappar mer fransar\/h\u00e5r under en period. Hormonf\u00f6r\u00e4ndringar och medicinering kan ocks\u00e5 bidra till att tappa fransar\/h\u00e5r. Sen har du sj\u00e4lvklart Alopecia Areata som \u00e4r en sjukdom som g\u00f6r att kroppen egna immunf\u00f6rsvar attackerar h\u00e5rs\u00e4ckarna. Det g\u00f6r att h\u00e5rs\u00e4ckarna g\u00e5r in i vilofasen f\u00f6r tidigt och n\u00e4r \u00f6verg\u00e5ngsfasen sen ser till att fransarna faller av s\u00e5 bildas det inga nya.<\/p>\n<p>Om man tappar ovanligt mycket fransar eller bara p\u00e5 ena \u00f6gat s\u00e5 kan man alltid s\u00f6ka sig till expertisen.<\/p>\n<p>Ses i morgon J<\/p>\n","protected":false},"excerpt":{"rendered":"<p>Nu har det h\u00e4nt med Dr Temt\u00b4s Magic Lashes. Mina fransar har definitivt blivit l\u00e4ngre! S\u00e5 kul tycker jag som har korta ganska tunna fransar. Det tog som sagt inte tre veckor som instruktionen sa, men jag vet samtidigt att det \u00e4r mycket individuellt hur fort det g\u00e5r innan man kan se resultat. Det g\u00f6r &#8230; <a title=\"Mina fransar!!\" class=\"read-more\" href=\"https:\/\/blogg.improveme.se\/marieoddsson\/2015\/12\/15\/mina-fransar\/\" aria-label=\"L\u00e4s mer om Mina fransar!!\">L\u00e4s mer<\/a><\/p>\n","protected":false},"author":9656,"featured_media":0,"comment_status":"open","ping_status":"open","sticky":false,"template":"","format":"standard","meta":{"footnotes":""},"categories":[1],"tags":[332,329,3,479],"class_list":["post-1465","post","type-post","status-publish","format-standard","hentry","category-okategoriserad","tag-dr-temt","tag-fransar","tag-halsa","tag-hudvard"],"_links":{"self":[{"href":"https:\/\/blogg.improveme.se\/marieoddsson\/wp-json\/wp\/v2\/posts\/1465","targetHints":{"allow":["GET"]}}],"collection":[{"href":"https:\/\/blogg.improveme.se\/marieoddsson\/wp-json\/wp\/v2\/posts"}],"about":[{"href":"https:\/\/blogg.improveme.se\/marieoddsson\/wp-json\/wp\/v2\/types\/post"}],"author":[{"embeddable":true,"href":"https:\/\/blogg.improveme.se\/marieoddsson\/wp-json\/wp\/v2\/users\/9656"}],"replies":[{"embeddable":true,"href":"https:\/\/blogg.improveme.se\/marieoddsson\/wp-json\/wp\/v2\/comments?post=1465"}],"version-history":[{"count":0,"href":"https:\/\/blogg.improveme.se\/marieoddsson\/wp-json\/wp\/v2\/posts\/1465\/revisions"}],"wp:attachment":[{"href":"https:\/\/blogg.improveme.se\/marieoddsson\/wp-json\/wp\/v2\/media?parent=1465"}],"wp:term":[{"taxonomy":"category","embeddable":true,"href":"https:\/\/blogg.improveme.se\/marieoddsson\/wp-json\/wp\/v2\/categories?post=1465"},{"taxonomy":"post_tag","embeddable":true,"href":"https:\/\/blogg.improveme.se\/marieoddsson\/wp-json\/wp\/v2\/tags?post=1465"}],"curies":[{"name":"wp","href":"https:\/\/api.w.org\/{rel}","templated":true}]}}