{"id":1486,"date":"2015-12-28T10:00:29","date_gmt":"2015-12-28T09:00:29","guid":{"rendered":"http:\/\/blogg.improveme.se\/marieoddsson\/?p=1486"},"modified":"2015-12-28T10:00:29","modified_gmt":"2015-12-28T09:00:29","slug":"nya-traningsklader","status":"publish","type":"post","link":"https:\/\/blogg.improveme.se\/marieoddsson\/2015\/12\/28\/nya-traningsklader\/","title":{"rendered":"Nya tr\u00e4ningskl\u00e4der"},"content":{"rendered":"<p>Det f\u00f6rsta jag l\u00e4ser nu p\u00e5 morgonen i Metro \u00e4r -s\u00e5 l\u00e5ngt beh\u00f6ver du promenera f\u00f6r att f\u00f6rbr\u00e4nna julmaten-. Allvarligt talat,\u00a0ska man inte njuta lite mer av julen \u00e4n s\u00e5? Efter ett rej\u00e4lt julfrossande ska man beh\u00f6va en promenad p\u00e5 minst 7,5 timmar!?! Sen skriver det direkt i meningen efter att, det inte \u00e4r enstaka brakm\u00e5ltider som s\u00e4tter sig runt midjan. Ja men d\u00e5 s\u00e5!<\/p>\n<p>Aprop\u00e5 tr\u00e4ning s\u00e5 var jag och shoppat nya tr\u00e4ningskl\u00e4der p\u00e5 mellandagsrean. T\u00e4nkte att jag nu skulle vara lite mer f\u00e4rggrann. Mitt val f\u00f6ll p\u00e5 ett par r\u00f6drosa tights och en jacka med stj\u00e4rnor p\u00e5, blev glad av denna kombination .<\/p>\n<p><a href=\"http:\/\/blogg.improveme.se\/marieoddsson\/files\/2015\/12\/IMG_21801-e1451292677442.jpg\"><img loading=\"lazy\" decoding=\"async\" class=\"aligncenter size-large wp-image-1485\" src=\"http:\/\/blogg.improveme.se\/marieoddsson\/files\/2015\/12\/IMG_21801-755x566.jpg\" alt=\"IMG_2180[1]\" width=\"755\" height=\"566\" \/><\/a><\/p>\n<p>Det \u00e4r riktigt kul att titta p\u00e5 tr\u00e4ningskl\u00e4der d\u00e5 det finns en m\u00e4ngd olika\u00a0stilar, f\u00e4rger, m\u00f6nster, kvalit\u00e9er\u00a0och priser, marknaden verkar vara gigantisk och om\u00e4ttlig.<\/p>\n<p>Tyv\u00e4rr s\u00e5 avbokade jag min tr\u00e4ning i g\u00e5r, d\u00e5 jag k\u00e4nner att jag \u00e4r lite h\u00e4ngig och n\u00e4san rinner. Men jag har faktiskt bokat in mig p\u00e5 tv\u00e5 tr\u00e4ningstillf\u00e4llen kommande dagarna. Ska till\u00e4gga att det inte \u00e4r s\u00e5 l\u00e4tt att boka tr\u00e4ningstillf\u00e4llen i mellandagarna d\u00e5 sj\u00e4lvklart \u00e4ven de personer som leder dessa klasser vill vara lediga. Ser i alla fall fram emot mitt f\u00f6rsta tr\u00e4ningspass i mina nya kl\u00e4der, \u00e4r \u00f6vertygad att jag kommer att k\u00e4nna mig som superwomen.<\/p>\n<p>Ses i morgon<\/p>\n","protected":false},"excerpt":{"rendered":"<p>Det f\u00f6rsta jag l\u00e4ser nu p\u00e5 morgonen i Metro \u00e4r -s\u00e5 l\u00e5ngt beh\u00f6ver du promenera f\u00f6r att f\u00f6rbr\u00e4nna julmaten-. Allvarligt talat,\u00a0ska man inte njuta lite mer av julen \u00e4n s\u00e5? Efter ett rej\u00e4lt julfrossande ska man beh\u00f6va en promenad p\u00e5 minst 7,5 timmar!?! Sen skriver det direkt i meningen efter att, det inte \u00e4r enstaka &#8230; <a title=\"Nya tr\u00e4ningskl\u00e4der\" class=\"read-more\" href=\"https:\/\/blogg.improveme.se\/marieoddsson\/2015\/12\/28\/nya-traningsklader\/\" aria-label=\"L\u00e4s mer om Nya tr\u00e4ningskl\u00e4der\">L\u00e4s mer<\/a><\/p>\n","protected":false},"author":9656,"featured_media":0,"comment_status":"open","ping_status":"open","sticky":false,"template":"","format":"standard","meta":{"footnotes":""},"categories":[1],"tags":[3,10,2],"class_list":["post-1486","post","type-post","status-publish","format-standard","hentry","category-okategoriserad","tag-halsa","tag-hud","tag-traning"],"_links":{"self":[{"href":"https:\/\/blogg.improveme.se\/marieoddsson\/wp-json\/wp\/v2\/posts\/1486","targetHints":{"allow":["GET"]}}],"collection":[{"href":"https:\/\/blogg.improveme.se\/marieoddsson\/wp-json\/wp\/v2\/posts"}],"about":[{"href":"https:\/\/blogg.improveme.se\/marieoddsson\/wp-json\/wp\/v2\/types\/post"}],"author":[{"embeddable":true,"href":"https:\/\/blogg.improveme.se\/marieoddsson\/wp-json\/wp\/v2\/users\/9656"}],"replies":[{"embeddable":true,"href":"https:\/\/blogg.improveme.se\/marieoddsson\/wp-json\/wp\/v2\/comments?post=1486"}],"version-history":[{"count":0,"href":"https:\/\/blogg.improveme.se\/marieoddsson\/wp-json\/wp\/v2\/posts\/1486\/revisions"}],"wp:attachment":[{"href":"https:\/\/blogg.improveme.se\/marieoddsson\/wp-json\/wp\/v2\/media?parent=1486"}],"wp:term":[{"taxonomy":"category","embeddable":true,"href":"https:\/\/blogg.improveme.se\/marieoddsson\/wp-json\/wp\/v2\/categories?post=1486"},{"taxonomy":"post_tag","embeddable":true,"href":"https:\/\/blogg.improveme.se\/marieoddsson\/wp-json\/wp\/v2\/tags?post=1486"}],"curies":[{"name":"wp","href":"https:\/\/api.w.org\/{rel}","templated":true}]}}