{"id":1511,"date":"2016-01-05T12:41:05","date_gmt":"2016-01-05T11:41:05","guid":{"rendered":"http:\/\/blogg.improveme.se\/marieoddsson\/?p=1511"},"modified":"2016-01-05T12:41:05","modified_gmt":"2016-01-05T11:41:05","slug":"fokus-pa-2016","status":"publish","type":"post","link":"https:\/\/blogg.improveme.se\/marieoddsson\/2016\/01\/05\/fokus-pa-2016\/","title":{"rendered":"Fokus p\u00e5 2016"},"content":{"rendered":"<p>Olika produkter fungerar olika p\u00e5 oss, som tur \u00e4r. Ni kom ih\u00e5g att jag k\u00f6pte ett fransserum som jag inte tyckte fungerade som det skulle p\u00e5 mig, det vill s\u00e4ga att det tog l\u00e4ngre tid f\u00f6r mina fransar att \u201df\u00f6rst\u00e5\u201d att de fick n\u00e4ring och d\u00e4rmed skulle v\u00e4xa mer.<\/p>\n<p>Jag \u00e4r numera j\u00e4tten\u00f6jd med serumet som har gjort mina fransar l\u00e4ngre. Fr\u00e5n kortare, nedg\u00e5ende fransar till l\u00e4ngre, uppb\u00f6jda. Jag f\u00f6rst\u00e5r inte riktigt hur fransarna kan b\u00f6ja sig upp\u00e5t n\u00e4r de blir l\u00e4ngre, n\u00e5ja n\u00f6jd \u00e4r jag i alla fall<\/p>\n<p>Nu har serumet kommit ut i en ny f\u00f6rpackning, men inneh\u00e5llet \u00e4r det samma som f\u00f6rut.<\/p>\n<p><a href=\"http:\/\/blogg.improveme.se\/marieoddsson\/files\/2016\/01\/IMG_22121-e1451993245496.jpg\"><img loading=\"lazy\" decoding=\"async\" class=\"aligncenter size-large wp-image-1510\" src=\"http:\/\/blogg.improveme.se\/marieoddsson\/files\/2016\/01\/IMG_22121-755x566.jpg\" alt=\"IMG_2212[1]\" width=\"755\" height=\"566\" \/><\/a><\/p>\n<p>Nackdelen \u00e4r att det kostar en del, 1295 kr men det \u00e4r riktigt drygt. Jag b\u00f6rjade med mitt serum f\u00f6rsta oktober och det \u00e4r de som jag fortfarande anv\u00e4nder. Som jag har skrivit tidigare s\u00e5 \u00e4r \u00f6gonen ofta i fokus n\u00e4r det g\u00e4ller make up. Att nu f\u00f6r f\u00f6rsta g\u00e5ngen ha egna fransar som \u00e4r lite l\u00e4ngre \u00e4n det normalt s\u00e4tt skulle vara, betyder en hel del f\u00f6r inramningen av mina \u00f6gon. V\u00e4rt att prova!<\/p>\n<p>ses i morgon.<\/p>\n","protected":false},"excerpt":{"rendered":"<p>Olika produkter fungerar olika p\u00e5 oss, som tur \u00e4r. Ni kom ih\u00e5g att jag k\u00f6pte ett fransserum som jag inte tyckte fungerade som det skulle p\u00e5 mig, det vill s\u00e4ga att det tog l\u00e4ngre tid f\u00f6r mina fransar att \u201df\u00f6rst\u00e5\u201d att de fick n\u00e4ring och d\u00e4rmed skulle v\u00e4xa mer. Jag \u00e4r numera j\u00e4tten\u00f6jd med serumet &#8230; <a title=\"Fokus p\u00e5 2016\" class=\"read-more\" href=\"https:\/\/blogg.improveme.se\/marieoddsson\/2016\/01\/05\/fokus-pa-2016\/\" aria-label=\"L\u00e4s mer om Fokus p\u00e5 2016\">L\u00e4s mer<\/a><\/p>\n","protected":false},"author":9656,"featured_media":0,"comment_status":"open","ping_status":"open","sticky":false,"template":"","format":"standard","meta":{"footnotes":""},"categories":[1],"tags":[352,3,479],"class_list":["post-1511","post","type-post","status-publish","format-standard","hentry","category-okategoriserad","tag-dr-temp","tag-halsa","tag-hudvard"],"_links":{"self":[{"href":"https:\/\/blogg.improveme.se\/marieoddsson\/wp-json\/wp\/v2\/posts\/1511","targetHints":{"allow":["GET"]}}],"collection":[{"href":"https:\/\/blogg.improveme.se\/marieoddsson\/wp-json\/wp\/v2\/posts"}],"about":[{"href":"https:\/\/blogg.improveme.se\/marieoddsson\/wp-json\/wp\/v2\/types\/post"}],"author":[{"embeddable":true,"href":"https:\/\/blogg.improveme.se\/marieoddsson\/wp-json\/wp\/v2\/users\/9656"}],"replies":[{"embeddable":true,"href":"https:\/\/blogg.improveme.se\/marieoddsson\/wp-json\/wp\/v2\/comments?post=1511"}],"version-history":[{"count":0,"href":"https:\/\/blogg.improveme.se\/marieoddsson\/wp-json\/wp\/v2\/posts\/1511\/revisions"}],"wp:attachment":[{"href":"https:\/\/blogg.improveme.se\/marieoddsson\/wp-json\/wp\/v2\/media?parent=1511"}],"wp:term":[{"taxonomy":"category","embeddable":true,"href":"https:\/\/blogg.improveme.se\/marieoddsson\/wp-json\/wp\/v2\/categories?post=1511"},{"taxonomy":"post_tag","embeddable":true,"href":"https:\/\/blogg.improveme.se\/marieoddsson\/wp-json\/wp\/v2\/tags?post=1511"}],"curies":[{"name":"wp","href":"https:\/\/api.w.org\/{rel}","templated":true}]}}