{"id":1521,"date":"2016-01-08T10:51:27","date_gmt":"2016-01-08T09:51:27","guid":{"rendered":"http:\/\/blogg.improveme.se\/marieoddsson\/?p=1521"},"modified":"2016-01-08T10:51:27","modified_gmt":"2016-01-08T09:51:27","slug":"forkylningstider-3","status":"publish","type":"post","link":"https:\/\/blogg.improveme.se\/marieoddsson\/2016\/01\/08\/forkylningstider-3\/","title":{"rendered":"F\u00f6rkylningstider"},"content":{"rendered":"<p>Konstig vecka som har g\u00e5tt rasande fort, antagligen f\u00f6r att det var ledigt mitt i veckan. S\u00e5 nu \u00e4r det fredag igen och helgen knackar p\u00e5. I morse var det fortfarande kallt och just nu sn\u00f6ar det ocks\u00e5. Men att det \u00e4r sn\u00f6 ute \u00e4r h\u00e4rligt tycker jag (bara SJ och SL som inte gillar denna \u00e5rstid), det ljusar upp v\u00e5r tillvaro som annars \u00e4r ganska m\u00f6rk s\u00e5 h\u00e4r \u00e5rs.<\/p>\n<p>En butik som ocks\u00e5 g\u00f6r att jag blir lite piggare och orkar med den h\u00e4r annars s\u00e5 m\u00f6rka perioden \u00e4r Life. H\u00e4r kan jag alltid f\u00e5 enkla tips till gedigen information om det mesta. Vitaminer, mineraler, proteiner, supermat och hudv\u00e5rd,\u00a0ja allt man kan beh\u00f6va till och fr\u00e5n. N\u00e4r man \u00e4r medlem s\u00e5 f\u00e5r man dessutom en tidning som \u00e4r full med intressanta reportage, recept och erbjudanden. N\u00e4r jag bes\u00f6ker n\u00e5gon av deras butiker s\u00e5 k\u00f6per jag ofta n\u00e5got, om det s\u00e5 bara \u00e4r f\u00f6r att stoppa i munnen direkt.<\/p>\n<p><a href=\"http:\/\/blogg.improveme.se\/marieoddsson\/files\/2016\/01\/IMG_22331-e1452246164402.jpg\"><img loading=\"lazy\" decoding=\"async\" class=\"aligncenter size-large wp-image-1520\" src=\"http:\/\/blogg.improveme.se\/marieoddsson\/files\/2016\/01\/IMG_22331-755x566.jpg\" alt=\"IMG_2233[1]\" width=\"755\" height=\"566\" \/><\/a><\/p>\n<p>Just nu k\u00e4nns det som det som om det \u00e4r dags f\u00f6r att st\u00e5ngas mot f\u00f6rkylningar och influensan. M\u00e5nga fyller p\u00e5 med C-vitamin just nu. Jag har varit lite slarvig med min Ester-C 1000mg men k\u00e4nner nu att\u00a0\u00e4r det dags att\u00a0b\u00f6rja igen. <a href=\"http:\/\/www.medicanord.se\" target=\"_blank\">Ester-C<\/a> \u00e4r en patenterad form av kalciumaskorbat som genom sin kroppsf\u00e4rdiga sammans\u00e4ttning l\u00e4tt tas upp i kroppen och frig\u00f6rs l\u00e5ngsamt. Eftersom den dessutom \u00e4r syraneutral kan \u00e4ven dem som f\u00e5r problem av C-vitamin, ta just denna sort. Den finns i l\u00e4gre dos f\u00f6r dem som \u00f6nskar det ocks\u00e5, n\u00e5got f\u00f6r alla.<\/p>\n<p>C-vitamin kanske inte \u00e4r det b\u00e4sta mot f\u00f6rkylning, men den ser till att du piggar p\u00e5 dig fortare om du blir sjuk. Framf\u00f6r allt s\u00e5 hj\u00e4lper den ditt immunf\u00f6rsvar s\u00e5 att du inte ska bli sjuk och att du k\u00e4nner dig lite piggare.<\/p>\n<p>\u00d6nskar dig en trevlig helg J<\/p>\n","protected":false},"excerpt":{"rendered":"<p>Konstig vecka som har g\u00e5tt rasande fort, antagligen f\u00f6r att det var ledigt mitt i veckan. S\u00e5 nu \u00e4r det fredag igen och helgen knackar p\u00e5. I morse var det fortfarande kallt och just nu sn\u00f6ar det ocks\u00e5. Men att det \u00e4r sn\u00f6 ute \u00e4r h\u00e4rligt tycker jag (bara SJ och SL som inte gillar &#8230; <a title=\"F\u00f6rkylningstider\" class=\"read-more\" href=\"https:\/\/blogg.improveme.se\/marieoddsson\/2016\/01\/08\/forkylningstider-3\/\" aria-label=\"L\u00e4s mer om F\u00f6rkylningstider\">L\u00e4s mer<\/a><\/p>\n","protected":false},"author":9656,"featured_media":0,"comment_status":"open","ping_status":"open","sticky":false,"template":"","format":"standard","meta":{"footnotes":""},"categories":[1],"tags":[243,3,479,221],"class_list":["post-1521","post","type-post","status-publish","format-standard","hentry","category-okategoriserad","tag-ester-c","tag-halsa","tag-hudvard","tag-life"],"_links":{"self":[{"href":"https:\/\/blogg.improveme.se\/marieoddsson\/wp-json\/wp\/v2\/posts\/1521","targetHints":{"allow":["GET"]}}],"collection":[{"href":"https:\/\/blogg.improveme.se\/marieoddsson\/wp-json\/wp\/v2\/posts"}],"about":[{"href":"https:\/\/blogg.improveme.se\/marieoddsson\/wp-json\/wp\/v2\/types\/post"}],"author":[{"embeddable":true,"href":"https:\/\/blogg.improveme.se\/marieoddsson\/wp-json\/wp\/v2\/users\/9656"}],"replies":[{"embeddable":true,"href":"https:\/\/blogg.improveme.se\/marieoddsson\/wp-json\/wp\/v2\/comments?post=1521"}],"version-history":[{"count":0,"href":"https:\/\/blogg.improveme.se\/marieoddsson\/wp-json\/wp\/v2\/posts\/1521\/revisions"}],"wp:attachment":[{"href":"https:\/\/blogg.improveme.se\/marieoddsson\/wp-json\/wp\/v2\/media?parent=1521"}],"wp:term":[{"taxonomy":"category","embeddable":true,"href":"https:\/\/blogg.improveme.se\/marieoddsson\/wp-json\/wp\/v2\/categories?post=1521"},{"taxonomy":"post_tag","embeddable":true,"href":"https:\/\/blogg.improveme.se\/marieoddsson\/wp-json\/wp\/v2\/tags?post=1521"}],"curies":[{"name":"wp","href":"https:\/\/api.w.org\/{rel}","templated":true}]}}