{"id":1527,"date":"2016-01-12T15:14:26","date_gmt":"2016-01-12T14:14:26","guid":{"rendered":"http:\/\/blogg.improveme.se\/marieoddsson\/?p=1527"},"modified":"2016-01-12T15:14:26","modified_gmt":"2016-01-12T14:14:26","slug":"mitt-har","status":"publish","type":"post","link":"https:\/\/blogg.improveme.se\/marieoddsson\/2016\/01\/12\/mitt-har\/","title":{"rendered":"Mitt h\u00e5r"},"content":{"rendered":"<p>Just i dag h\u00e4nger mitt h\u00e5r extra mycket, vet inte varf\u00f6r. Kanske beror det p\u00e5 v\u00e4dret eller kanske p\u00e5 hum\u00f6ret (David Bowie har klivit av fr\u00e5n v\u00e5ran resa p\u00e5 jorden). Sen \u00e4r det mycket annat som p\u00e5verkar h\u00e5ret, hormoner, stress, medicinering, v\u00e4der, dagliga rutiner m.m.<\/p>\n<p>N\u00e4r vi \u00e5ldras s\u00e5 blir h\u00e5ret gr\u00e5are, tunnare och f\u00e5r en f\u00f6r\u00e4ndrad struktur. Det vi ser f\u00f6rst \u00e4r att h\u00e5ret blir gr\u00e5tt, det beror p\u00e5 att melaninet slutar att produceras, pigmentet som ger v\u00e5rt h\u00e5rstr\u00e5 sin f\u00e4rg. Denna process kan b\u00f6rja redan vid 35 \u00e5rs \u00e5lder men varierar stort.<\/p>\n<p>H\u00e5ret f\u00e5r ocks\u00e5 en str\u00e4vare yta (inte s\u00e5 blank och skinande l\u00e4ngre) och blir d\u00e4rmed inte lika l\u00e4tt att hantera. Det h\u00e4r fenomenet kan man k\u00e4nna av fr\u00e5n ca 40 \u00e5rs\u00e5ldern.<\/p>\n<p>Sen blir h\u00e5ret tunnare och f\u00e4rre h\u00e5rstr\u00e5n produceras. N\u00e4r vi blir ytterligare lite \u00e4ldre s\u00e5 blir h\u00e5ret torrare, det g\u00e4ller h\u00e5rbotten ocks\u00e5. Det \u00e4r bland annat pga. att talproduktionen avtar som b\u00e5de sm\u00f6rjer h\u00e5rstr\u00e5et samt h\u00e5ller h\u00e5rbotten mjuk.<\/p>\n<p>Allt detta \u00e4r sv\u00e5rt att g\u00f6ra n\u00e5got \u00e5t eftersom det ing\u00e5r i v\u00e5rat normala \u00e5ldrande. D\u00e4remot s\u00e5 \u00e4r det yttre faktorer som dagliga rutiner som vi kan p\u00e5verka.<\/p>\n<ul>\n<li>Anv\u00e4nd ett milt schampo.<\/li>\n<li>Sk\u00f6lj ur schampot noggrant.<\/li>\n<li>Anv\u00e4nd ett milt balsam om du har ett \u201dtrassligt\u201d h\u00e5r<\/li>\n<li>L\u00e5t h\u00e5ret sj\u00e4lvtorka och undvik v\u00e4rme.<\/li>\n<li>Anv\u00e4nd borste av h\u00f6g kvalit\u00e9.<\/li>\n<li>L\u00e5t h\u00e5ret vara utsl\u00e4ppt s\u00e5 ofta som m\u00f6jligt.<\/li>\n<li>Skydda h\u00e5ret mot starka solstr\u00e5lar.<\/li>\n<li>\u00c4t en v\u00e4l balanserad och h\u00e4lsosam kost.<\/li>\n<li>Ta ett kosttillskott just f\u00f6r ditt h\u00e5r<\/li>\n<\/ul>\n<p>S\u00e5 nu t\u00e4nker jag b\u00f6rja med <a href=\"http:\/\/www.medicanord.se\" target=\"_blank\">Hair Optimizer<\/a>. Det \u00e4r ett kosttillskott med n\u00e4rings\u00e4mnen som \u00e4r framtaget speciellt f\u00f6r ditt h\u00e5r. Hirsextrakt, vetegroddsektrakt fr\u00e5n naturen men ocks\u00e5 biotin, selen, zink och koppar som bidrar till normalt h\u00e5r och f\u00f6r h\u00e5rets pigmentering. Precis vad jag beh\u00f6ver just nu.<\/p>\n<p><a href=\"http:\/\/blogg.improveme.se\/marieoddsson\/files\/2016\/01\/IMG_22511-e1452607684407.jpg\"><img loading=\"lazy\" decoding=\"async\" class=\"aligncenter wp-image-1526 size-full\" src=\"http:\/\/blogg.improveme.se\/marieoddsson\/files\/2016\/01\/IMG_22511-e1452607684407.jpg\" alt=\"IMG_2251[1]\" width=\"550\" height=\"550\" srcset=\"https:\/\/blogg.improveme.se\/marieoddsson\/files\/2016\/01\/IMG_22511-e1452607684407.jpg 550w, https:\/\/blogg.improveme.se\/marieoddsson\/files\/2016\/01\/IMG_22511-e1452607684407-150x150.jpg 150w, https:\/\/blogg.improveme.se\/marieoddsson\/files\/2016\/01\/IMG_22511-e1452607684407-300x300.jpg 300w\" sizes=\"auto, (max-width: 550px) 100vw, 550px\" \/><\/a><\/p>\n<p>Ses i morgon!<\/p>\n<p>&nbsp;<\/p>\n","protected":false},"excerpt":{"rendered":"<p>Just i dag h\u00e4nger mitt h\u00e5r extra mycket, vet inte varf\u00f6r. Kanske beror det p\u00e5 v\u00e4dret eller kanske p\u00e5 hum\u00f6ret (David Bowie har klivit av fr\u00e5n v\u00e5ran resa p\u00e5 jorden). Sen \u00e4r det mycket annat som p\u00e5verkar h\u00e5ret, hormoner, stress, medicinering, v\u00e4der, dagliga rutiner m.m. N\u00e4r vi \u00e5ldras s\u00e5 blir h\u00e5ret gr\u00e5are, tunnare och f\u00e5r &#8230; <a title=\"Mitt h\u00e5r\" class=\"read-more\" href=\"https:\/\/blogg.improveme.se\/marieoddsson\/2016\/01\/12\/mitt-har\/\" aria-label=\"L\u00e4s mer om Mitt h\u00e5r\">L\u00e4s mer<\/a><\/p>\n","protected":false},"author":9656,"featured_media":0,"comment_status":"open","ping_status":"open","sticky":false,"template":"","format":"standard","meta":{"footnotes":""},"categories":[1],"tags":[354,3,142,479],"class_list":["post-1527","post","type-post","status-publish","format-standard","hentry","category-okategoriserad","tag-haie-optimizer","tag-halsa","tag-har","tag-hudvard"],"_links":{"self":[{"href":"https:\/\/blogg.improveme.se\/marieoddsson\/wp-json\/wp\/v2\/posts\/1527","targetHints":{"allow":["GET"]}}],"collection":[{"href":"https:\/\/blogg.improveme.se\/marieoddsson\/wp-json\/wp\/v2\/posts"}],"about":[{"href":"https:\/\/blogg.improveme.se\/marieoddsson\/wp-json\/wp\/v2\/types\/post"}],"author":[{"embeddable":true,"href":"https:\/\/blogg.improveme.se\/marieoddsson\/wp-json\/wp\/v2\/users\/9656"}],"replies":[{"embeddable":true,"href":"https:\/\/blogg.improveme.se\/marieoddsson\/wp-json\/wp\/v2\/comments?post=1527"}],"version-history":[{"count":0,"href":"https:\/\/blogg.improveme.se\/marieoddsson\/wp-json\/wp\/v2\/posts\/1527\/revisions"}],"wp:attachment":[{"href":"https:\/\/blogg.improveme.se\/marieoddsson\/wp-json\/wp\/v2\/media?parent=1527"}],"wp:term":[{"taxonomy":"category","embeddable":true,"href":"https:\/\/blogg.improveme.se\/marieoddsson\/wp-json\/wp\/v2\/categories?post=1527"},{"taxonomy":"post_tag","embeddable":true,"href":"https:\/\/blogg.improveme.se\/marieoddsson\/wp-json\/wp\/v2\/tags?post=1527"}],"curies":[{"name":"wp","href":"https:\/\/api.w.org\/{rel}","templated":true}]}}