{"id":1554,"date":"2016-01-25T10:36:24","date_gmt":"2016-01-25T09:36:24","guid":{"rendered":"http:\/\/blogg.improveme.se\/marieoddsson\/?p=1554"},"modified":"2016-01-25T10:36:24","modified_gmt":"2016-01-25T09:36:24","slug":"tand-ett-ljus-eller","status":"publish","type":"post","link":"https:\/\/blogg.improveme.se\/marieoddsson\/2016\/01\/25\/tand-ett-ljus-eller\/","title":{"rendered":"T\u00e4nd ett ljus, eller?"},"content":{"rendered":"<p>L\u00e4ste i Metro i morse p\u00e5 v\u00e4g till jobbet om doftljus. Vi t\u00e4nder stora m\u00e4ngder med ljus i v\u00e5rt avl\u00e5nga land, speciellt s\u00e5 h\u00e4r \u00e5rs. Just doftljus \u00e4r det som har \u00f6kat mest. Nu \u00e4r det inte bara dofter som kanel, citron, ros m.m. utan \u00e4ven doftar\u00a0som v\u00e5r och\u00a0havsbris. Men \u00e4ven dofter som och avkopplande, energigivande som \u00e4r mer sv\u00e5rdefinierade. Hur doftar ett avkopplande och rogivande ljus? N\u00e5ja nog om detta, en\u00a0studie som Metro tagit del av\u00a0visar att doftljus avger giftgaser, och att det \u00e4r skadligare \u00e4n vad man trott tidigare. Limonen \u00e4r en vanlig kemikalie i bl.a. doftljus. Nu visar en studie fr\u00e5n University of York att \u00e4mnet kan bli direkt skadligt n\u00e4r det kommer i kontakt med luft. Det ska d\u00e5 bildas ett giftigt \u00e4mne som heter formaldehyd \u2013 en f\u00e4rgl\u00f6s gas, som i stora m\u00e4ngder kan vara cancerframkallande. Att \u00e4mnet har ing\u00e5tt i ljusen \u00e4r inget nytt utan det \u00e4r sj\u00e4lva koncentrationen som nu visar sig vara 100 g\u00e5nger mer.<\/p>\n<p><a href=\"http:\/\/blogg.improveme.se\/marieoddsson\/files\/2016\/01\/IMG_23441-e1453713943843.jpg\"><img loading=\"lazy\" decoding=\"async\" class=\"aligncenter size-large wp-image-1553\" src=\"http:\/\/blogg.improveme.se\/marieoddsson\/files\/2016\/01\/IMG_23441-755x566.jpg\" alt=\"IMG_2344[1]\" width=\"755\" height=\"566\" \/><\/a><\/p>\n<p>Formaldehyd tog man bort ur v\u00e5ra nagellack f\u00f6r m\u00e5nga \u00e5r sen (hoppas att det g\u00e4ller alla m\u00e4rken). Formaldehyd \u00e4r vid djurf\u00f6rs\u00f6k cancerframkallande, men \u00e4ven indikationer p\u00e5 att m\u00e4nniskor som exponeras f\u00f6r denna gas i sitt arbete p\u00e5verkas negativt (skulle vilja veta lite mer vad \u201dnegativt\u201d i det h\u00e4r fallen menas). Skall till\u00e4gga att detta \u00e4mne finns i v\u00e5r storstadsluft, s\u00e5 man d\u00f6r inte knall och fall av det, men det kan skada h\u00e4lsan p\u00e5 l\u00e5ng sikt.<\/p>\n<p>Det skall ocks\u00e5 vara stor skillnad p\u00e5 syntetiska dofter samt riktiga aromessenser, l\u00e4gre och h\u00f6gre kvalit\u00e9. Jag vet att m\u00e5nga i min bekantskapskrets inte kan med syntetiska doftljus, d\u00e5 kommer huvudv\u00e4rken som ett brev p\u00e5 posten. Men att n\u00e4r de har \u00e4kta aromessens s\u00e5 funkar det. Just om detta \u00e4r det sv\u00e5rt att hitta n\u00e5gon information.<\/p>\n<p>Enligt Bert-Ove Lund, toxikolog vid Kemikalieinspektionen s\u00e5\u00a0att t\u00e4nda doftljus regelbundet som att uts\u00e4tta sig f\u00f6r storstadsluft, och det l\u00e5ter\u00a0inte trevligt (s\u00e4ger jag som sitter mitt i smeten i Sthlm\u00b4s city).\u00a0Som vanligt har jag inte haft n\u00e5got \u00f6verfl\u00f6d av dofter varken p\u00e5 mig sj\u00e4lv eller i mitt hem, d\u00e5 min syster \u00e4r astmatiker. S\u00e5 vi kommer s\u00e4kert att dra detta ett varv till, doftljusens vara eller icke varande.<\/p>\n<p>ses i morgon \ud83d\ude42<\/p>\n<p>&nbsp;<\/p>\n<p>&nbsp;<\/p>\n","protected":false},"excerpt":{"rendered":"<p>L\u00e4ste i Metro i morse p\u00e5 v\u00e4g till jobbet om doftljus. Vi t\u00e4nder stora m\u00e4ngder med ljus i v\u00e5rt avl\u00e5nga land, speciellt s\u00e5 h\u00e4r \u00e5rs. Just doftljus \u00e4r det som har \u00f6kat mest. Nu \u00e4r det inte bara dofter som kanel, citron, ros m.m. utan \u00e4ven doftar\u00a0som v\u00e5r och\u00a0havsbris. Men \u00e4ven dofter som och avkopplande, &#8230; <a title=\"T\u00e4nd ett ljus, eller?\" class=\"read-more\" href=\"https:\/\/blogg.improveme.se\/marieoddsson\/2016\/01\/25\/tand-ett-ljus-eller\/\" aria-label=\"L\u00e4s mer om T\u00e4nd ett ljus, eller?\">L\u00e4s mer<\/a><\/p>\n","protected":false},"author":9656,"featured_media":0,"comment_status":"open","ping_status":"open","sticky":false,"template":"","format":"standard","meta":{"footnotes":""},"categories":[338],"tags":[359,3,479],"class_list":["post-1554","post","type-post","status-publish","format-standard","hentry","category-halsa-2","tag-doftljus","tag-halsa","tag-hudvard"],"_links":{"self":[{"href":"https:\/\/blogg.improveme.se\/marieoddsson\/wp-json\/wp\/v2\/posts\/1554","targetHints":{"allow":["GET"]}}],"collection":[{"href":"https:\/\/blogg.improveme.se\/marieoddsson\/wp-json\/wp\/v2\/posts"}],"about":[{"href":"https:\/\/blogg.improveme.se\/marieoddsson\/wp-json\/wp\/v2\/types\/post"}],"author":[{"embeddable":true,"href":"https:\/\/blogg.improveme.se\/marieoddsson\/wp-json\/wp\/v2\/users\/9656"}],"replies":[{"embeddable":true,"href":"https:\/\/blogg.improveme.se\/marieoddsson\/wp-json\/wp\/v2\/comments?post=1554"}],"version-history":[{"count":0,"href":"https:\/\/blogg.improveme.se\/marieoddsson\/wp-json\/wp\/v2\/posts\/1554\/revisions"}],"wp:attachment":[{"href":"https:\/\/blogg.improveme.se\/marieoddsson\/wp-json\/wp\/v2\/media?parent=1554"}],"wp:term":[{"taxonomy":"category","embeddable":true,"href":"https:\/\/blogg.improveme.se\/marieoddsson\/wp-json\/wp\/v2\/categories?post=1554"},{"taxonomy":"post_tag","embeddable":true,"href":"https:\/\/blogg.improveme.se\/marieoddsson\/wp-json\/wp\/v2\/tags?post=1554"}],"curies":[{"name":"wp","href":"https:\/\/api.w.org\/{rel}","templated":true}]}}