{"id":1560,"date":"2016-01-27T09:03:21","date_gmt":"2016-01-27T08:03:21","guid":{"rendered":"http:\/\/blogg.improveme.se\/marieoddsson\/?p=1560"},"modified":"2016-02-23T08:02:40","modified_gmt":"2016-02-23T07:02:40","slug":"annu-mera-torrt","status":"publish","type":"post","link":"https:\/\/blogg.improveme.se\/marieoddsson\/2016\/01\/27\/annu-mera-torrt\/","title":{"rendered":"\u00c4nnu mera torrt"},"content":{"rendered":"<p>Blev rekommenderad att prova ytterligare ett kosttillskott h\u00e4romdagen, Membra 7. F\u00f6r oss som b\u00f6rjar torka ut, n\u00e4, riktigt s\u00e5 illa \u00e4r det inte. Men fram f\u00f6r allt s\u00e5 \u00e4r det mina \u00f6gon som b\u00f6rjar bli torra, k\u00e4nner av de ibland p\u00e5 kv\u00e4llarna. L\u00e4ser att Mebra 7 inneh\u00e5ller extrakt av havtorn, det ska bidra till normala slemhinnor i \u00f6gonen men ocks\u00e5 i mun och underliv. Havtornen \u00e4r tydligen rik p\u00e5 enkelom\u00e4ttade fettsyror d\u00e5 fram f\u00f6r allt omega-7. Men det finns \u00e4ven omega- 9, 6 och 3. De sm\u00e5 gulaktiga b\u00e4ren inneh\u00e5ller \u00e4ven A-vitamin som\u00a0bra f\u00f6r normala slemhinnor men \u00e4ven f\u00f6r huden.<\/p>\n<p><a href=\"http:\/\/blogg.improveme.se\/marieoddsson\/files\/2016\/01\/IMG_23521-e1453819087135.jpg\"><img loading=\"lazy\" decoding=\"async\" class=\"aligncenter size-large wp-image-1559\" src=\"http:\/\/blogg.improveme.se\/marieoddsson\/files\/2016\/01\/IMG_23521-755x566.jpg\" alt=\"IMG_2352[1]\" width=\"755\" height=\"566\" \/><\/a><\/p>\n<p>Som tur \u00e4r s\u00e5 utnyttjar man hela b\u00e4ret, och det \u00e4r v\u00e4l tur med tanke p\u00e5 hur sm\u00e5 de \u00e4r. I skal och fruktk\u00f6tt finns flera av B-vitaminerna, B 1, 2, 3 5, 6, 9 men \u00e4ven den s\u00e4llsynta B 12. I r\u00e5saften har du vitaminer s\u00e5 som A, E och K. I den lilla k\u00e4rnan s\u00e5 finns det 89% av de om\u00e4ttade fettsyrorna. Ett laddat b\u00e4r f\u00e5r man s\u00e4ga.<\/p>\n<p>S\u00e5 nu t\u00e4nker jag prova detta ett tag och se om jag f\u00e5r ordning p\u00e5 mina torra \u00f6gon.<\/p>\n<p>Ses i morgon<\/p>\n","protected":false},"excerpt":{"rendered":"<p>Blev rekommenderad att prova ytterligare ett kosttillskott h\u00e4romdagen, Membra 7. F\u00f6r oss som b\u00f6rjar torka ut, n\u00e4, riktigt s\u00e5 illa \u00e4r det inte. Men fram f\u00f6r allt s\u00e5 \u00e4r det mina \u00f6gon som b\u00f6rjar bli torra, k\u00e4nner av de ibland p\u00e5 kv\u00e4llarna. L\u00e4ser att Mebra 7 inneh\u00e5ller extrakt av havtorn, det ska bidra till normala &#8230; <a title=\"\u00c4nnu mera torrt\" class=\"read-more\" href=\"https:\/\/blogg.improveme.se\/marieoddsson\/2016\/01\/27\/annu-mera-torrt\/\" aria-label=\"L\u00e4s mer om \u00c4nnu mera torrt\">L\u00e4s mer<\/a><\/p>\n","protected":false},"author":9656,"featured_media":0,"comment_status":"open","ping_status":"open","sticky":false,"template":"","format":"standard","meta":{"footnotes":""},"categories":[1],"tags":[3,479,246,372,373,360],"class_list":["post-1560","post","type-post","status-publish","format-standard","hentry","category-okategoriserad","tag-halsa","tag-hudvard","tag-huvard","tag-kosttillskott","tag-mebra-7","tag-membra-7"],"_links":{"self":[{"href":"https:\/\/blogg.improveme.se\/marieoddsson\/wp-json\/wp\/v2\/posts\/1560","targetHints":{"allow":["GET"]}}],"collection":[{"href":"https:\/\/blogg.improveme.se\/marieoddsson\/wp-json\/wp\/v2\/posts"}],"about":[{"href":"https:\/\/blogg.improveme.se\/marieoddsson\/wp-json\/wp\/v2\/types\/post"}],"author":[{"embeddable":true,"href":"https:\/\/blogg.improveme.se\/marieoddsson\/wp-json\/wp\/v2\/users\/9656"}],"replies":[{"embeddable":true,"href":"https:\/\/blogg.improveme.se\/marieoddsson\/wp-json\/wp\/v2\/comments?post=1560"}],"version-history":[{"count":0,"href":"https:\/\/blogg.improveme.se\/marieoddsson\/wp-json\/wp\/v2\/posts\/1560\/revisions"}],"wp:attachment":[{"href":"https:\/\/blogg.improveme.se\/marieoddsson\/wp-json\/wp\/v2\/media?parent=1560"}],"wp:term":[{"taxonomy":"category","embeddable":true,"href":"https:\/\/blogg.improveme.se\/marieoddsson\/wp-json\/wp\/v2\/categories?post=1560"},{"taxonomy":"post_tag","embeddable":true,"href":"https:\/\/blogg.improveme.se\/marieoddsson\/wp-json\/wp\/v2\/tags?post=1560"}],"curies":[{"name":"wp","href":"https:\/\/api.w.org\/{rel}","templated":true}]}}