{"id":1570,"date":"2016-02-01T10:18:01","date_gmt":"2016-02-01T09:18:01","guid":{"rendered":"http:\/\/blogg.improveme.se\/marieoddsson\/?p=1570"},"modified":"2016-02-01T10:18:01","modified_gmt":"2016-02-01T09:18:01","slug":"februari","status":"publish","type":"post","link":"https:\/\/blogg.improveme.se\/marieoddsson\/2016\/02\/01\/februari\/","title":{"rendered":"Februari"},"content":{"rendered":"<p>Redan februari, och den h\u00e4r m\u00e5naden g\u00e5r fort d\u00e5 det \u00e4r v\u00e5r kortaste m\u00e5nad. Men vi har b\u00e5de Fettisdagen, Alla Hj\u00e4rtans dag och Samernas nationaldag som skall hinna med att firas.\u00a0S\u00e5 v\u00e5ren n\u00e4rmar sig med stormsteg och d\u00e5 brukar vi damma av oss lite grann. Det m\u00e4rks bland annat n\u00e4r man l\u00e4ser alla m\u00f6jliga tidningar. L\u00e4ste Metro Sthlm i morse p\u00e5 v\u00e4g till jobbet. D\u00e4r finns det m\u00e5nga olika annonser och erbjudande om alla m\u00f6jliga behandlingar.<\/p>\n<p><a href=\"http:\/\/blogg.improveme.se\/marieoddsson\/files\/2016\/02\/IMG_23801-e1454317693457.jpg\"><img loading=\"lazy\" decoding=\"async\" class=\"aligncenter size-large wp-image-1569\" src=\"http:\/\/blogg.improveme.se\/marieoddsson\/files\/2016\/02\/IMG_23801-755x566.jpg\" alt=\"IMG_2380[1]\" width=\"755\" height=\"566\" \/><\/a><\/p>\n<p>I en annons s\u00e5 st\u00e5r det att de behandlar k\u00e4rlbristningar, hudf\u00f6r\u00e4ndringar, ytliga blodk\u00e4rl, pigmentfl\u00e4ckar, \u00e5dern\u00e4t, r\u00f6d n\u00e4sa och sk\u00f6nhetsfl\u00e4ckar. F\u00f6r mig \u00e4r mycket av detta samma sak. \u00c4ven alla m\u00f6jliga olika ansiktsbehandlingar, botoxbehandlingar, l\u00e4ppf\u00f6rstoringar, fotbehandling, h\u00e5r inplantat och sist men inte minst klippa, slinga, f\u00e4rga och styla ditt h\u00e5r\u00a0g\u00e5r att l\u00e4sa om.\u00a0S\u00e5 listan \u00e4r l\u00e5ng p\u00e5 f\u00f6rslag hur vi kan\u00a0piffa till oss. Sj\u00e4lv f\u00e4rgade jag mina \u00f6gonbryn i g\u00e5r, det lilla g\u00f6r ganska mycket f\u00f6r utseendet. Har ocks\u00e5 bokat in mig\u00a0p\u00e5 ett coor-pass i kv\u00e4ll, eller r\u00e4ttare sagt, jag st\u00e5r p\u00e5 v\u00e4ntelistan. S\u00e5 h\u00e5ll tummarna f\u00f6r mig att jag kommer med p\u00e5 passet.<\/p>\n<p>Vi ses i morgon<\/p>\n","protected":false},"excerpt":{"rendered":"<p>Redan februari, och den h\u00e4r m\u00e5naden g\u00e5r fort d\u00e5 det \u00e4r v\u00e5r kortaste m\u00e5nad. Men vi har b\u00e5de Fettisdagen, Alla Hj\u00e4rtans dag och Samernas nationaldag som skall hinna med att firas.\u00a0S\u00e5 v\u00e5ren n\u00e4rmar sig med stormsteg och d\u00e5 brukar vi damma av oss lite grann. Det m\u00e4rks bland annat n\u00e4r man l\u00e4ser alla m\u00f6jliga tidningar. &#8230; <a title=\"Februari\" class=\"read-more\" href=\"https:\/\/blogg.improveme.se\/marieoddsson\/2016\/02\/01\/februari\/\" aria-label=\"L\u00e4s mer om Februari\">L\u00e4s mer<\/a><\/p>\n","protected":false},"author":9656,"featured_media":0,"comment_status":"open","ping_status":"open","sticky":false,"template":"","format":"standard","meta":{"footnotes":""},"categories":[1],"tags":[363,3,479],"class_list":["post-1570","post","type-post","status-publish","format-standard","hentry","category-okategoriserad","tag-februari","tag-halsa","tag-hudvard"],"_links":{"self":[{"href":"https:\/\/blogg.improveme.se\/marieoddsson\/wp-json\/wp\/v2\/posts\/1570","targetHints":{"allow":["GET"]}}],"collection":[{"href":"https:\/\/blogg.improveme.se\/marieoddsson\/wp-json\/wp\/v2\/posts"}],"about":[{"href":"https:\/\/blogg.improveme.se\/marieoddsson\/wp-json\/wp\/v2\/types\/post"}],"author":[{"embeddable":true,"href":"https:\/\/blogg.improveme.se\/marieoddsson\/wp-json\/wp\/v2\/users\/9656"}],"replies":[{"embeddable":true,"href":"https:\/\/blogg.improveme.se\/marieoddsson\/wp-json\/wp\/v2\/comments?post=1570"}],"version-history":[{"count":0,"href":"https:\/\/blogg.improveme.se\/marieoddsson\/wp-json\/wp\/v2\/posts\/1570\/revisions"}],"wp:attachment":[{"href":"https:\/\/blogg.improveme.se\/marieoddsson\/wp-json\/wp\/v2\/media?parent=1570"}],"wp:term":[{"taxonomy":"category","embeddable":true,"href":"https:\/\/blogg.improveme.se\/marieoddsson\/wp-json\/wp\/v2\/categories?post=1570"},{"taxonomy":"post_tag","embeddable":true,"href":"https:\/\/blogg.improveme.se\/marieoddsson\/wp-json\/wp\/v2\/tags?post=1570"}],"curies":[{"name":"wp","href":"https:\/\/api.w.org\/{rel}","templated":true}]}}