{"id":1580,"date":"2016-02-04T09:22:34","date_gmt":"2016-02-04T08:22:34","guid":{"rendered":"http:\/\/blogg.improveme.se\/marieoddsson\/?p=1580"},"modified":"2016-02-04T09:22:34","modified_gmt":"2016-02-04T08:22:34","slug":"langweekend","status":"publish","type":"post","link":"https:\/\/blogg.improveme.se\/marieoddsson\/2016\/02\/04\/langweekend\/","title":{"rendered":"L\u00e5ngweekend"},"content":{"rendered":"<p style=\"margin: 0cm 0cm 10pt\"><span style=\"color: #000000;font-family: Calibri;font-size: medium\">K\u00e4nde att det var dags att f\u00e5 lite v\u00e5rk\u00e4nslor, med andra ord, jag saknar v\u00e4rmen. S\u00e5 nu i dag \u00e5ker jag, min man och ett par till ner till Malaga. Kommer att ha en l\u00e5nghelg med god mat, god dryck, trevligt s\u00e4llskap och lite v\u00e4rme. Det b\u00e4sta \u00e4r att det g\u00e5r ganska snabbt att \u00e5ka dit, ingen tidsskillnad men \u00e4nd\u00e5 lite v\u00e4rme. <\/span><\/p>\n<p style=\"margin: 0cm 0cm 10pt\"><a href=\"http:\/\/blogg.improveme.se\/marieoddsson\/files\/2016\/02\/IMG_19841-e1454573739112.jpg\"><img loading=\"lazy\" decoding=\"async\" class=\"aligncenter size-large wp-image-1579\" src=\"http:\/\/blogg.improveme.se\/marieoddsson\/files\/2016\/02\/IMG_19841-755x566.jpg\" alt=\"IMG_1984[1]\" width=\"755\" height=\"566\" \/><\/a><\/p>\n<p style=\"margin: 0cm 0cm 10pt\"><span style=\"color: #000000;font-family: Calibri;font-size: medium\">S\u00e5 nu ska jag passa p\u00e5 att ladda batterierna, fylla p\u00e5 energidep\u00e5erna s\u00e5 att det r\u00e4cker ett tag fram \u00f6ver. Som ni redan vet s\u00e5 bildas D-vitamin i huden n\u00e4r vi solar. Sen spekuleras det om en hel del andra nackdelar om man har brist p\u00e5 den samma, s\u00e5 som depression, bensk\u00f6rhet och f\u00f6rkylning. De n\u00e4mns ocks\u00e5 en del allvarligare sjukdomar, men som sagt detta \u00e4r fortfarande bara p\u00e5 forskningsstadiet. S\u00e5 med detta sagt s\u00e5 ska jag se till att fylla p\u00e5 med D-vitamin. Sj\u00e4lvklart s\u00e5 har jag n\u00e5gon form av keps, galen solhatt eller annat p\u00e5 huvudet om det blir f\u00f6r varmt.Tips, du kan alltid k\u00f6pa D-vitamin p\u00e5 t.ex. Life.<\/span><\/p>\n<p style=\"margin: 0cm 0cm 10pt\"><span style=\"color: #000000;font-family: Calibri;font-size: medium\">H\u00f6rs i morgon<\/span><\/p>\n","protected":false},"excerpt":{"rendered":"<p>K\u00e4nde att det var dags att f\u00e5 lite v\u00e5rk\u00e4nslor, med andra ord, jag saknar v\u00e4rmen. S\u00e5 nu i dag \u00e5ker jag, min man och ett par till ner till Malaga. Kommer att ha en l\u00e5nghelg med god mat, god dryck, trevligt s\u00e4llskap och lite v\u00e4rme. Det b\u00e4sta \u00e4r att det g\u00e5r ganska snabbt att \u00e5ka &#8230; <a title=\"L\u00e5ngweekend\" class=\"read-more\" href=\"https:\/\/blogg.improveme.se\/marieoddsson\/2016\/02\/04\/langweekend\/\" aria-label=\"L\u00e4s mer om L\u00e5ngweekend\">L\u00e4s mer<\/a><\/p>\n","protected":false},"author":9656,"featured_media":0,"comment_status":"open","ping_status":"open","sticky":false,"template":"","format":"standard","meta":{"footnotes":""},"categories":[338],"tags":[],"class_list":["post-1580","post","type-post","status-publish","format-standard","hentry","category-halsa-2"],"_links":{"self":[{"href":"https:\/\/blogg.improveme.se\/marieoddsson\/wp-json\/wp\/v2\/posts\/1580","targetHints":{"allow":["GET"]}}],"collection":[{"href":"https:\/\/blogg.improveme.se\/marieoddsson\/wp-json\/wp\/v2\/posts"}],"about":[{"href":"https:\/\/blogg.improveme.se\/marieoddsson\/wp-json\/wp\/v2\/types\/post"}],"author":[{"embeddable":true,"href":"https:\/\/blogg.improveme.se\/marieoddsson\/wp-json\/wp\/v2\/users\/9656"}],"replies":[{"embeddable":true,"href":"https:\/\/blogg.improveme.se\/marieoddsson\/wp-json\/wp\/v2\/comments?post=1580"}],"version-history":[{"count":0,"href":"https:\/\/blogg.improveme.se\/marieoddsson\/wp-json\/wp\/v2\/posts\/1580\/revisions"}],"wp:attachment":[{"href":"https:\/\/blogg.improveme.se\/marieoddsson\/wp-json\/wp\/v2\/media?parent=1580"}],"wp:term":[{"taxonomy":"category","embeddable":true,"href":"https:\/\/blogg.improveme.se\/marieoddsson\/wp-json\/wp\/v2\/categories?post=1580"},{"taxonomy":"post_tag","embeddable":true,"href":"https:\/\/blogg.improveme.se\/marieoddsson\/wp-json\/wp\/v2\/tags?post=1580"}],"curies":[{"name":"wp","href":"https:\/\/api.w.org\/{rel}","templated":true}]}}