{"id":1583,"date":"2016-02-09T10:24:54","date_gmt":"2016-02-09T09:24:54","guid":{"rendered":"http:\/\/blogg.improveme.se\/marieoddsson\/?p=1583"},"modified":"2016-02-09T10:24:54","modified_gmt":"2016-02-09T09:24:54","slug":"semeldagen","status":"publish","type":"post","link":"https:\/\/blogg.improveme.se\/marieoddsson\/2016\/02\/09\/semeldagen\/","title":{"rendered":"Semeldagen"},"content":{"rendered":"<p>Jag \u00e4r ledsen f\u00f6r d\u00e5lig n\u00e4rvaro. Helgen i Malaga var fantastisk, sol, god mat, god dryck och trevliga v\u00e4nner. Dock fanns det inget fungerande n\u00e4tverk p\u00e5 just den bergstoppen jag befann mig.<\/p>\n<p>I g\u00e5r var det bara galet mycket efter n\u00e5gra dagar fr\u00e5n jobbet, s\u00e5 det f\u00e5r jag ta p\u00e5 mig.<\/p>\n<p>Nu till Fettisdagen, det \u00e4r den tredje av de tre dagarna i fastlagen, dagarna f\u00f6re fastan, d\u00e4r den f\u00f6rsta \u00e4r fastlagss\u00f6ndagen och den andra \u00e4r bl\u00e5 m\u00e5ndagen. Fet i fettisdagen syftar p\u00e5 hur mycket fett mat man brukar \u00e4ta i denna period detta f\u00f6r att sedan sv\u00e4lta sig.<\/p>\n<p>F\u00f6rra \u00e5ret s\u00e5 var det semelwrappen som var den \u201dnya\u201d semlan. I \u00e5r \u00e4r det regnb\u00e5gssemlan som g\u00f6r int\u00e5g p\u00e5 arenan.<\/p>\n<p><a href=\"http:\/\/blogg.improveme.se\/marieoddsson\/files\/2016\/02\/IMG_24261-e1455009667809.jpg\"><img loading=\"lazy\" decoding=\"async\" class=\"aligncenter size-large wp-image-1582\" src=\"http:\/\/blogg.improveme.se\/marieoddsson\/files\/2016\/02\/IMG_24261-755x566.jpg\" alt=\"IMG_2426[1]\" width=\"755\" height=\"566\" \/><\/a><\/p>\n<p>Semelbullen \u00e4r som vanligt men tydligen s\u00e5 \u00e4r mandelmassan berikad med extra vanilj och chokladmousse! Gr\u00e4dden \u00e4r flerf\u00e4rgad med olika smaker, bl\u00e5b\u00e4r, banan, citron, kiwi med flera. Vissa f\u00e4rger kan man tydligen v\u00e4lja smak p\u00e5. N\u00e5ja denna semla kommer jag inte att f\u00e5 prova eftersom den g\u00f6rs i G\u00f6teborg, n\u00e4rmare best\u00e4mt p\u00e5 Jonborgsgrillen. S\u00e5 jag kommer nog att v\u00e4lja en klassik semla f\u00f6r dagen.<\/p>\n<p>Ses i morgon<\/p>\n<p><strong>\u00a0<\/strong><\/p>\n<p>&nbsp;<\/p>\n","protected":false},"excerpt":{"rendered":"<p>Jag \u00e4r ledsen f\u00f6r d\u00e5lig n\u00e4rvaro. Helgen i Malaga var fantastisk, sol, god mat, god dryck och trevliga v\u00e4nner. Dock fanns det inget fungerande n\u00e4tverk p\u00e5 just den bergstoppen jag befann mig. I g\u00e5r var det bara galet mycket efter n\u00e5gra dagar fr\u00e5n jobbet, s\u00e5 det f\u00e5r jag ta p\u00e5 mig. Nu till Fettisdagen, det &#8230; <a title=\"Semeldagen\" class=\"read-more\" href=\"https:\/\/blogg.improveme.se\/marieoddsson\/2016\/02\/09\/semeldagen\/\" aria-label=\"L\u00e4s mer om Semeldagen\">L\u00e4s mer<\/a><\/p>\n","protected":false},"author":9656,"featured_media":0,"comment_status":"open","ping_status":"open","sticky":false,"template":"","format":"standard","meta":{"footnotes":""},"categories":[1],"tags":[366,3,367],"class_list":["post-1583","post","type-post","status-publish","format-standard","hentry","category-okategoriserad","tag-fettisdagen","tag-halsa","tag-semla"],"_links":{"self":[{"href":"https:\/\/blogg.improveme.se\/marieoddsson\/wp-json\/wp\/v2\/posts\/1583","targetHints":{"allow":["GET"]}}],"collection":[{"href":"https:\/\/blogg.improveme.se\/marieoddsson\/wp-json\/wp\/v2\/posts"}],"about":[{"href":"https:\/\/blogg.improveme.se\/marieoddsson\/wp-json\/wp\/v2\/types\/post"}],"author":[{"embeddable":true,"href":"https:\/\/blogg.improveme.se\/marieoddsson\/wp-json\/wp\/v2\/users\/9656"}],"replies":[{"embeddable":true,"href":"https:\/\/blogg.improveme.se\/marieoddsson\/wp-json\/wp\/v2\/comments?post=1583"}],"version-history":[{"count":0,"href":"https:\/\/blogg.improveme.se\/marieoddsson\/wp-json\/wp\/v2\/posts\/1583\/revisions"}],"wp:attachment":[{"href":"https:\/\/blogg.improveme.se\/marieoddsson\/wp-json\/wp\/v2\/media?parent=1583"}],"wp:term":[{"taxonomy":"category","embeddable":true,"href":"https:\/\/blogg.improveme.se\/marieoddsson\/wp-json\/wp\/v2\/categories?post=1583"},{"taxonomy":"post_tag","embeddable":true,"href":"https:\/\/blogg.improveme.se\/marieoddsson\/wp-json\/wp\/v2\/tags?post=1583"}],"curies":[{"name":"wp","href":"https:\/\/api.w.org\/{rel}","templated":true}]}}