{"id":1614,"date":"2016-02-25T13:17:54","date_gmt":"2016-02-25T12:17:54","guid":{"rendered":"http:\/\/blogg.improveme.se\/marieoddsson\/?p=1614"},"modified":"2016-02-25T13:17:54","modified_gmt":"2016-02-25T12:17:54","slug":"the-danish-girl","status":"publish","type":"post","link":"https:\/\/blogg.improveme.se\/marieoddsson\/2016\/02\/25\/the-danish-girl\/","title":{"rendered":"The Danish Girl"},"content":{"rendered":"<p>I g\u00e5r blev det dags f\u00f6r en bio igen. Min v\u00e4ninna fick valfria h\u00e4nder och fr\u00e5n b\u00f6rjan spretade det mellan komedi, ond br\u00e5d d\u00f6d till drama. Det slutade med ett drama, vi s\u00e5g \u201dThe Danish girl\u201d. Sj\u00e4lvklart s\u00e5 fanns popcorn, dricka och lite sm\u00e5godis med in i biosalongen.<\/p>\n<p><a href=\"http:\/\/blogg.improveme.se\/marieoddsson\/files\/2016\/02\/IMG_24851-e1456401411114.jpg\"><img loading=\"lazy\" decoding=\"async\" class=\"aligncenter size-large wp-image-1613\" src=\"http:\/\/blogg.improveme.se\/marieoddsson\/files\/2016\/02\/IMG_24851-755x566.jpg\" alt=\"IMG_2485[1]\" width=\"755\" height=\"566\" \/><\/a><\/p>\n<p>Alicia Vikander var str\u00e5landes i sin roll som fru Gerda till den danske transsexuella m\u00e5laren Elbes.\u00a0\u00a0En historia om ett \u00e4ktenskap d\u00e4r en av parterna vill g\u00f6ra en stor f\u00f6r\u00e4ndring och hur de b\u00e5da handskas med det. \u00c4ven h\u00e4r \u00e4r det mycket man tar f\u00f6r givet i livet n\u00e4r man f\u00f6ds, men sj\u00e4lvklart s\u00e5 finns det mycket som inte \u00e4r som det ser ut och tv\u00e4rt om. Fram\u00e5t sm\u00e5timmarna n\u00e4r bion slutat s\u00e5 diskuterade vi flitigt p\u00e5 v\u00e4g hem. Kanske en film \u00e4r bra n\u00e4r den s\u00e4tter ig\u00e5ng en dialog, debatt eller river upp k\u00e4nslor. Gr\u00e4t gjorde jag n\u00e5gra g\u00e5nger, och det \u00e4r bra f\u00f6r m\u00e5nga av v\u00e5ra ansiktsmuskler. I \u00f6vrigt s\u00e5 \u00e4r det nog b\u00e4ttre att skratta, f\u00f6r hela v\u00e5rt v\u00e4lbefinnande.<\/p>\n<p>En film som v\u00e4cker m\u00e5nga tankar och funderingar, livet \u00e4r komplext.<\/p>\n<p>Ses i morgon<\/p>\n<p>&nbsp;<\/p>\n","protected":false},"excerpt":{"rendered":"<p>I g\u00e5r blev det dags f\u00f6r en bio igen. Min v\u00e4ninna fick valfria h\u00e4nder och fr\u00e5n b\u00f6rjan spretade det mellan komedi, ond br\u00e5d d\u00f6d till drama. Det slutade med ett drama, vi s\u00e5g \u201dThe Danish girl\u201d. Sj\u00e4lvklart s\u00e5 fanns popcorn, dricka och lite sm\u00e5godis med in i biosalongen. Alicia Vikander var str\u00e5landes i sin roll &#8230; <a title=\"The Danish Girl\" class=\"read-more\" href=\"https:\/\/blogg.improveme.se\/marieoddsson\/2016\/02\/25\/the-danish-girl\/\" aria-label=\"L\u00e4s mer om The Danish Girl\">L\u00e4s mer<\/a><\/p>\n","protected":false},"author":9656,"featured_media":0,"comment_status":"open","ping_status":"open","sticky":false,"template":"","format":"standard","meta":{"footnotes":""},"categories":[1],"tags":[6,3,479],"class_list":["post-1614","post","type-post","status-publish","format-standard","hentry","category-okategoriserad","tag-bio","tag-halsa","tag-hudvard"],"_links":{"self":[{"href":"https:\/\/blogg.improveme.se\/marieoddsson\/wp-json\/wp\/v2\/posts\/1614","targetHints":{"allow":["GET"]}}],"collection":[{"href":"https:\/\/blogg.improveme.se\/marieoddsson\/wp-json\/wp\/v2\/posts"}],"about":[{"href":"https:\/\/blogg.improveme.se\/marieoddsson\/wp-json\/wp\/v2\/types\/post"}],"author":[{"embeddable":true,"href":"https:\/\/blogg.improveme.se\/marieoddsson\/wp-json\/wp\/v2\/users\/9656"}],"replies":[{"embeddable":true,"href":"https:\/\/blogg.improveme.se\/marieoddsson\/wp-json\/wp\/v2\/comments?post=1614"}],"version-history":[{"count":0,"href":"https:\/\/blogg.improveme.se\/marieoddsson\/wp-json\/wp\/v2\/posts\/1614\/revisions"}],"wp:attachment":[{"href":"https:\/\/blogg.improveme.se\/marieoddsson\/wp-json\/wp\/v2\/media?parent=1614"}],"wp:term":[{"taxonomy":"category","embeddable":true,"href":"https:\/\/blogg.improveme.se\/marieoddsson\/wp-json\/wp\/v2\/categories?post=1614"},{"taxonomy":"post_tag","embeddable":true,"href":"https:\/\/blogg.improveme.se\/marieoddsson\/wp-json\/wp\/v2\/tags?post=1614"}],"curies":[{"name":"wp","href":"https:\/\/api.w.org\/{rel}","templated":true}]}}