{"id":1621,"date":"2016-03-01T12:36:09","date_gmt":"2016-03-01T11:36:09","guid":{"rendered":"http:\/\/blogg.improveme.se\/marieoddsson\/?p=1621"},"modified":"2016-03-01T12:36:09","modified_gmt":"2016-03-01T11:36:09","slug":"min-all-round-kram-jabushe-original","status":"publish","type":"post","link":"https:\/\/blogg.improveme.se\/marieoddsson\/2016\/03\/01\/min-all-round-kram-jabushe-original\/","title":{"rendered":"Min &#8221;all round kr\u00e4m&#8221;, Jabushe Original"},"content":{"rendered":"<p>Jag anv\u00e4nder <a title=\"www.jabushe.se\" href=\"http:\/\/www.jabushe.se\" target=\"_blank\">Jabushe Original <\/a>b\u00e5de morgon och kv\u00e4ll, enkelt och effektivt p\u00e5 m\u00e5nga s\u00e4tt. Den jobbar p\u00e5 min huds \u00e5lderstecken och ger min hud en fin lyster. V\u00e4rldspatentet QAL-100 mer Liponsyran i spetsen \u00e4r det som bygger upp huden fr\u00e5n insidan. Tycker att den \u00e4r toppen bra p\u00e5 m\u00e5nga s\u00e4tt. Men s\u00e5 h\u00e4r \u00e5rs s\u00e5 m\u00e5ste jag ofta komplettera med ren fukt. Min (och de flesta andras) hud \u00e4r under december, januari och februari som allra torrast, fnasigast och irriterad. S\u00e5 flera g\u00e5nger i veckan s\u00e5 l\u00e4gger jag p\u00e5 min Jabushe Original och ovanp\u00e5 den en ren fuktkr\u00e4m.<\/p>\n<p><a href=\"http:\/\/blogg.improveme.se\/marieoddsson\/files\/2016\/03\/Jabushe_original_800x800-e1456831980599.jpg\"><img loading=\"lazy\" decoding=\"async\" class=\"aligncenter size-large wp-image-1620\" src=\"http:\/\/blogg.improveme.se\/marieoddsson\/files\/2016\/03\/Jabushe_original_800x800-755x755.jpg\" alt=\"Jabushe_original_800x800\" width=\"755\" height=\"755\" \/><\/a><\/p>\n<p>Vissa kv\u00e4llar l\u00e4gger jag f\u00f6rst min Jabushe Original f\u00f6r att ovanp\u00e5 den l\u00e4gga en fukt mask. Jag fullkomligt bombarderar min hud med fukt, d\u00e5 f\u00e5r jag det b\u00e4sta av tv\u00e5 v\u00e4rldar. En produkt som jobbar mer p\u00e5 mina \u00e5lderstecken och en som mjukg\u00f6r min yttorra hud.<\/p>\n<p>H\u00e4r i mars-april kommer jag att plocka bort fuktkr\u00e4men igen, d\u00e5 r\u00e4cker det att bara anv\u00e4nda min Jabushe Orignal. V\u00e5ren ligger i luften!<\/p>\n<p>Ses i morgon J<\/p>\n","protected":false},"excerpt":{"rendered":"<p>Jag anv\u00e4nder Jabushe Original b\u00e5de morgon och kv\u00e4ll, enkelt och effektivt p\u00e5 m\u00e5nga s\u00e4tt. Den jobbar p\u00e5 min huds \u00e5lderstecken och ger min hud en fin lyster. V\u00e4rldspatentet QAL-100 mer Liponsyran i spetsen \u00e4r det som bygger upp huden fr\u00e5n insidan. Tycker att den \u00e4r toppen bra p\u00e5 m\u00e5nga s\u00e4tt. Men s\u00e5 h\u00e4r \u00e5rs s\u00e5 &#8230; <a title=\"Min &#8221;all round kr\u00e4m&#8221;, Jabushe Original\" class=\"read-more\" href=\"https:\/\/blogg.improveme.se\/marieoddsson\/2016\/03\/01\/min-all-round-kram-jabushe-original\/\" aria-label=\"L\u00e4s mer om Min &#8221;all round kr\u00e4m&#8221;, Jabushe Original\">L\u00e4s mer<\/a><\/p>\n","protected":false},"author":9656,"featured_media":0,"comment_status":"open","ping_status":"open","sticky":false,"template":"","format":"standard","meta":{"footnotes":""},"categories":[1],"tags":[3,479,290],"class_list":["post-1621","post","type-post","status-publish","format-standard","hentry","category-okategoriserad","tag-halsa","tag-hudvard","tag-jabushe-original"],"_links":{"self":[{"href":"https:\/\/blogg.improveme.se\/marieoddsson\/wp-json\/wp\/v2\/posts\/1621","targetHints":{"allow":["GET"]}}],"collection":[{"href":"https:\/\/blogg.improveme.se\/marieoddsson\/wp-json\/wp\/v2\/posts"}],"about":[{"href":"https:\/\/blogg.improveme.se\/marieoddsson\/wp-json\/wp\/v2\/types\/post"}],"author":[{"embeddable":true,"href":"https:\/\/blogg.improveme.se\/marieoddsson\/wp-json\/wp\/v2\/users\/9656"}],"replies":[{"embeddable":true,"href":"https:\/\/blogg.improveme.se\/marieoddsson\/wp-json\/wp\/v2\/comments?post=1621"}],"version-history":[{"count":0,"href":"https:\/\/blogg.improveme.se\/marieoddsson\/wp-json\/wp\/v2\/posts\/1621\/revisions"}],"wp:attachment":[{"href":"https:\/\/blogg.improveme.se\/marieoddsson\/wp-json\/wp\/v2\/media?parent=1621"}],"wp:term":[{"taxonomy":"category","embeddable":true,"href":"https:\/\/blogg.improveme.se\/marieoddsson\/wp-json\/wp\/v2\/categories?post=1621"},{"taxonomy":"post_tag","embeddable":true,"href":"https:\/\/blogg.improveme.se\/marieoddsson\/wp-json\/wp\/v2\/tags?post=1621"}],"curies":[{"name":"wp","href":"https:\/\/api.w.org\/{rel}","templated":true}]}}