{"id":1624,"date":"2016-03-02T09:05:51","date_gmt":"2016-03-02T08:05:51","guid":{"rendered":"http:\/\/blogg.improveme.se\/marieoddsson\/?p=1624"},"modified":"2016-03-02T09:05:51","modified_gmt":"2016-03-02T08:05:51","slug":"overgangsaldern","status":"publish","type":"post","link":"https:\/\/blogg.improveme.se\/marieoddsson\/2016\/03\/02\/overgangsaldern\/","title":{"rendered":"\u00d6verg\u00e5ngs\u00e5ldern"},"content":{"rendered":"<p>H\u00e4r om morgonen n\u00e4r jag kom till jobbet s\u00e5 hade min chef satt en stor plansch p\u00e5 min jalusibokhylla, med stora r\u00f6da bokst\u00e4ver stod det -v\u00e4lkommen till \u00f6verg\u00e5ngs\u00e5ldern!-. F\u00f6rst blev jag paff, sen fundersam och till sist lite fr\u00e5gande. Vad \u00e4r \u00f6verg\u00e5ngs\u00e5ldern, vad ska man k\u00e4nna, vad kan man k\u00e4nna, n\u00e4r b\u00f6rjar det, hur l\u00e4ng h\u00e5ller det p\u00e5, symtom? Massor med fr\u00e5gor kom upp. Antar att mina arbetskollegor tar f\u00f6r givet att jag borde vara d\u00e4r nu.<\/p>\n<p><a href=\"http:\/\/blogg.improveme.se\/marieoddsson\/files\/2016\/03\/IMG_24961-e1456905835114.jpg\"><img loading=\"lazy\" decoding=\"async\" class=\"aligncenter size-large wp-image-1623\" src=\"http:\/\/blogg.improveme.se\/marieoddsson\/files\/2016\/03\/IMG_24961-755x566.jpg\" alt=\"IMG_2496[1]\" width=\"755\" height=\"566\" \/><\/a><\/p>\n<p>N\u00e5ja jag kan b\u00f6rja med att fr\u00e5ga min mamma och min mormor om de hade n\u00e5gra symtom eller besv\u00e4r. Inget jag kom ih\u00e5g att de har klagat \u00f6ver.<\/p>\n<p>Sj\u00e4lvklart s\u00e5 s\u00f6kte jag p\u00e5 detta och fick fram, klimakteriet (\u00f6verg\u00e5ngs\u00e5ldern f\u00f6r kvinnor). En del kvinnor upplever inga besv\u00e4r under klimakteriet. Andras liv f\u00f6r\u00e4ndras totalt. Men de flesta f\u00e5r en liknande upplevelse som ens egen mamma hade. S\u00e5 d\u00e5 \u00e4r det b\u00e4st att jag fr\u00e5gar min mamma. Sen tror jag inte p\u00e5 det d\u00e4r att det flesta f\u00e5r som sin mamma. Jag tror att det \u00e4r mycket individuellt. En m\u00e5ttstock \u00e4r menstruationen som intr\u00e4ffar i genomsnitt vid 51 \u00e5rs \u00e5lder. Klimakteriet intr\u00e4der tydligen n\u00e5gra \u00e5r dessf\u00f6rinnan och ska h\u00e5lla p\u00e5 flera \u00e5r efter att mensen upph\u00f6rt. Det blir m\u00e5nga \u00e5r det. Allt detta handlar sj\u00e4lvklart om v\u00e5r fertilitet och om v\u00e5ra hormoner.<\/p>\n<p>Visst k\u00e4nner jag kvinnor som f\u00e5tt vallningar, svettningar och s\u00f6mnproblem, som f\u00e5r g\u00e5 upp mitt i natten och b\u00e4dda om. Vissa kan dessutom f\u00e5 depressioner, hum\u00f6rsv\u00e4ngningar och huvudv\u00e4rk, det visste jag inte om. Att vi f\u00e5r torra slemhinnor visste jag d\u00e5 jag har k\u00e4nt av det i mina \u00f6gon. Som sagt livet \u00e4r fullt av \u00f6verraskningar, b\u00e5de roliga och mindre roliga (antar jag). Som tur \u00e4r s\u00e5 finns det hj\u00e4lp att f\u00e5 och det tycker jag sj\u00e4lvklart att man ska ta om man har behov.<\/p>\n<p>Ses i morgon J<\/p>\n","protected":false},"excerpt":{"rendered":"<p>H\u00e4r om morgonen n\u00e4r jag kom till jobbet s\u00e5 hade min chef satt en stor plansch p\u00e5 min jalusibokhylla, med stora r\u00f6da bokst\u00e4ver stod det -v\u00e4lkommen till \u00f6verg\u00e5ngs\u00e5ldern!-. F\u00f6rst blev jag paff, sen fundersam och till sist lite fr\u00e5gande. Vad \u00e4r \u00f6verg\u00e5ngs\u00e5ldern, vad ska man k\u00e4nna, vad kan man k\u00e4nna, n\u00e4r b\u00f6rjar det, hur l\u00e4ng &#8230; <a title=\"\u00d6verg\u00e5ngs\u00e5ldern\" class=\"read-more\" href=\"https:\/\/blogg.improveme.se\/marieoddsson\/2016\/03\/02\/overgangsaldern\/\" aria-label=\"L\u00e4s mer om \u00d6verg\u00e5ngs\u00e5ldern\">L\u00e4s mer<\/a><\/p>\n","protected":false},"author":9656,"featured_media":0,"comment_status":"open","ping_status":"open","sticky":false,"template":"","format":"standard","meta":{"footnotes":""},"categories":[1],"tags":[3,479,376,375],"class_list":["post-1624","post","type-post","status-publish","format-standard","hentry","category-okategoriserad","tag-halsa","tag-hudvard","tag-medica-nord","tag-overgangsaldern"],"_links":{"self":[{"href":"https:\/\/blogg.improveme.se\/marieoddsson\/wp-json\/wp\/v2\/posts\/1624","targetHints":{"allow":["GET"]}}],"collection":[{"href":"https:\/\/blogg.improveme.se\/marieoddsson\/wp-json\/wp\/v2\/posts"}],"about":[{"href":"https:\/\/blogg.improveme.se\/marieoddsson\/wp-json\/wp\/v2\/types\/post"}],"author":[{"embeddable":true,"href":"https:\/\/blogg.improveme.se\/marieoddsson\/wp-json\/wp\/v2\/users\/9656"}],"replies":[{"embeddable":true,"href":"https:\/\/blogg.improveme.se\/marieoddsson\/wp-json\/wp\/v2\/comments?post=1624"}],"version-history":[{"count":0,"href":"https:\/\/blogg.improveme.se\/marieoddsson\/wp-json\/wp\/v2\/posts\/1624\/revisions"}],"wp:attachment":[{"href":"https:\/\/blogg.improveme.se\/marieoddsson\/wp-json\/wp\/v2\/media?parent=1624"}],"wp:term":[{"taxonomy":"category","embeddable":true,"href":"https:\/\/blogg.improveme.se\/marieoddsson\/wp-json\/wp\/v2\/categories?post=1624"},{"taxonomy":"post_tag","embeddable":true,"href":"https:\/\/blogg.improveme.se\/marieoddsson\/wp-json\/wp\/v2\/tags?post=1624"}],"curies":[{"name":"wp","href":"https:\/\/api.w.org\/{rel}","templated":true}]}}