{"id":1636,"date":"2016-03-08T12:59:04","date_gmt":"2016-03-08T11:59:04","guid":{"rendered":"http:\/\/blogg.improveme.se\/marieoddsson\/?p=1636"},"modified":"2016-03-08T12:59:04","modified_gmt":"2016-03-08T11:59:04","slug":"digital-succe","status":"publish","type":"post","link":"https:\/\/blogg.improveme.se\/marieoddsson\/2016\/03\/08\/digital-succe\/","title":{"rendered":"Digital Succ\u00e9"},"content":{"rendered":"<p>Var p\u00e5 en dragning om \u201dDigital Succ\u00e9\u201d med Frida Boisen i morse. Intressant vad digital media har f\u00f6r genomslagskraft. Sj\u00e4lv har jag FB och Instagram men \u00e4r inte s\u00e5 aktiv som det heter. Jag kan k\u00e4nna att det tar mycket tid, sen \u00e4r jag inte s\u00e5 tekniskt lagd.<\/p>\n<p><a href=\"http:\/\/blogg.improveme.se\/marieoddsson\/files\/2016\/03\/IMG_25061-e1457438141815.jpg\"><img loading=\"lazy\" decoding=\"async\" class=\"aligncenter size-large wp-image-1635\" src=\"http:\/\/blogg.improveme.se\/marieoddsson\/files\/2016\/03\/IMG_25061-755x566.jpg\" alt=\"IMG_2506[1]\" width=\"755\" height=\"566\" \/><\/a><\/p>\n<p>Mina barn tycker jag \u00e4r en ren katastrof n\u00e4r det kommer till tekniken. Jag ska inte skylla p\u00e5 \u00e5ldern f\u00f6r det finns dem som \u00e4r betydligt \u00e4ldre \u00e4n vad jag \u00e4r och som \u00e4r riktigt framg\u00e5ngsrika p\u00e5 sociala medier. Det har nog med intresse att g\u00f6ra ocks\u00e5. Sj\u00e4lv kan jag ofta t\u00e4nka att- vem \u00e4r intresserad av detta?-(f\u00f6rutom jag sj\u00e4lv) , i st\u00e4llet f\u00f6r att v\u00e4nda p\u00e5 tanken. Att eftersom jag \u00e4r intresserad av detta s\u00e5 finns det s\u00e4kert m\u00e5nga fler. Det verkar ocks\u00e5 som om vi m\u00e4nniskor har f\u00e5tt ett st\u00f6rre bekr\u00e4ftelsebehov i och med alla olika kanaler inom sociala medier. Det blir samtidigt lite ambivalent f\u00f6r om vi d\u00e5 inte f\u00e5r den uppm\u00e4rksamhet som vi tycker vi b\u00f6r f\u00e5, s\u00e5 \u00e4r det nog l\u00e4tt att vi k\u00e4nner oss misslyckade. N\u00e5ja Frida brinner f\u00f6r det hon h\u00e5ller p\u00e5 med och f\u00f6rmedlar det p\u00e5 ett energiskt s\u00e4tt. Som hon s\u00e4ger \u2013 du m\u00e5ste hitta din sj\u00e4l, din story och ha ditt hj\u00e4rta med- ( i och f\u00f6r sig l\u00e4ttare sagt en gjort). Men n\u00e4r man v\u00e4l g\u00f6r det, s\u00e5 flyter nog mycket p\u00e5.<\/p>\n<p>Ses i morgon<\/p>\n","protected":false},"excerpt":{"rendered":"<p>Var p\u00e5 en dragning om \u201dDigital Succ\u00e9\u201d med Frida Boisen i morse. Intressant vad digital media har f\u00f6r genomslagskraft. Sj\u00e4lv har jag FB och Instagram men \u00e4r inte s\u00e5 aktiv som det heter. Jag kan k\u00e4nna att det tar mycket tid, sen \u00e4r jag inte s\u00e5 tekniskt lagd. Mina barn tycker jag \u00e4r en ren &#8230; <a title=\"Digital Succ\u00e9\" class=\"read-more\" href=\"https:\/\/blogg.improveme.se\/marieoddsson\/2016\/03\/08\/digital-succe\/\" aria-label=\"L\u00e4s mer om Digital Succ\u00e9\">L\u00e4s mer<\/a><\/p>\n","protected":false},"author":9656,"featured_media":0,"comment_status":"open","ping_status":"open","sticky":false,"template":"","format":"standard","meta":{"footnotes":""},"categories":[1],"tags":[],"class_list":["post-1636","post","type-post","status-publish","format-standard","hentry","category-okategoriserad"],"_links":{"self":[{"href":"https:\/\/blogg.improveme.se\/marieoddsson\/wp-json\/wp\/v2\/posts\/1636","targetHints":{"allow":["GET"]}}],"collection":[{"href":"https:\/\/blogg.improveme.se\/marieoddsson\/wp-json\/wp\/v2\/posts"}],"about":[{"href":"https:\/\/blogg.improveme.se\/marieoddsson\/wp-json\/wp\/v2\/types\/post"}],"author":[{"embeddable":true,"href":"https:\/\/blogg.improveme.se\/marieoddsson\/wp-json\/wp\/v2\/users\/9656"}],"replies":[{"embeddable":true,"href":"https:\/\/blogg.improveme.se\/marieoddsson\/wp-json\/wp\/v2\/comments?post=1636"}],"version-history":[{"count":0,"href":"https:\/\/blogg.improveme.se\/marieoddsson\/wp-json\/wp\/v2\/posts\/1636\/revisions"}],"wp:attachment":[{"href":"https:\/\/blogg.improveme.se\/marieoddsson\/wp-json\/wp\/v2\/media?parent=1636"}],"wp:term":[{"taxonomy":"category","embeddable":true,"href":"https:\/\/blogg.improveme.se\/marieoddsson\/wp-json\/wp\/v2\/categories?post=1636"},{"taxonomy":"post_tag","embeddable":true,"href":"https:\/\/blogg.improveme.se\/marieoddsson\/wp-json\/wp\/v2\/tags?post=1636"}],"curies":[{"name":"wp","href":"https:\/\/api.w.org\/{rel}","templated":true}]}}