{"id":1642,"date":"2016-03-10T09:31:16","date_gmt":"2016-03-10T08:31:16","guid":{"rendered":"http:\/\/blogg.improveme.se\/marieoddsson\/?p=1642"},"modified":"2016-03-10T09:31:16","modified_gmt":"2016-03-10T08:31:16","slug":"felaktiga-rad-om-solkram","status":"publish","type":"post","link":"https:\/\/blogg.improveme.se\/marieoddsson\/2016\/03\/10\/felaktiga-rad-om-solkram\/","title":{"rendered":"Felaktiga r\u00e5d om solkr\u00e4m"},"content":{"rendered":"<p>Jag l\u00e4ste i g\u00e5r i Svenska Dagbladet en artikel som hette \u201d\u00c4ndra felaktiga r\u00e5d om solkr\u00e4m\u201d. F\u00f6rfattarna skriver att sedan 40 \u00e5r tillbaka har man felaktigt ansett att s\u00e5 l\u00e4nge man sm\u00f6rjer in sig s\u00e5 kan man vara hur l\u00e4nge som helst i solen. Kort och gott s\u00e5 har vi svenskar blivit invaggade i en falsk s\u00e4kerhet. Det \u00e4r Pelle Lindqvist, docent, universitetslektor, kvinnokliniken Karolinska Institutet och H\u00e5kan Olsson, professor, onkologen\/tum\u00f6repidemiologen p\u00e5 Lunds Universitet, som ligger bakom artikeln. De skriver att \u00e4ven str\u00e5ls\u00e4kerhetsmyndigheten f\u00f6rra \u00e5ret drog samma slutsats, att \u201dde tidigare f\u00f6rv\u00e4ntningarna p\u00e5 att solskyddsmedel som skyddar mot solbr\u00e4nna, som till stor del orsakas av UVB-str\u00e5lning, ocks\u00e5 skulle skydda mot melanom har inte visat sig st\u00e4mma\u201d. Det har i sin tur gjort att vi har spenderat mer tid i solen i tro att vi \u00e4r skyddade, men i verkligheten s\u00e5 har vi \u00f6kad melanomrisken f\u00f6r oss sj\u00e4lva.<\/p>\n<p><a href=\"http:\/\/blogg.improveme.se\/marieoddsson\/files\/2016\/03\/IMG_15721-e1457598330945.jpg\"><img loading=\"lazy\" decoding=\"async\" class=\"aligncenter size-large wp-image-1641\" src=\"http:\/\/blogg.improveme.se\/marieoddsson\/files\/2016\/03\/IMG_15721-755x566.jpg\" alt=\"IMG_1572[1]\" width=\"755\" height=\"566\" \/><\/a><\/p>\n<p>S\u00e5 som vanligt \u00e4r lagom b\u00e4st, inte sola f\u00f6r mycket f\u00f6r att undvika hudcancer men vi beh\u00f6ver sola lagom f\u00f6r b\u00e4sta h\u00e4lsan. Det \u00e4r inte l\u00e4tt att veta vad man ska g\u00f6ra som konsument. Sj\u00e4lv gillar jag att ligga under ett parasoll i solen, det b\u00e4sta fr\u00e5n tv\u00e5 v\u00e4rldar. Men samtidigt \u00e4r det bra att de forskas p\u00e5 omr\u00e5det. All vetenskaplig fakta \u00e4r bra att f\u00e5 ta del av, \u00e4ven om den f\u00f6r tillf\u00e4llet \u00e4r obehaglig eller skr\u00e4mmande.<\/p>\n<p>ses i morgon \ud83d\ude42<\/p>\n<p>&nbsp;<\/p>\n<p>&nbsp;<\/p>\n","protected":false},"excerpt":{"rendered":"<p>Jag l\u00e4ste i g\u00e5r i Svenska Dagbladet en artikel som hette \u201d\u00c4ndra felaktiga r\u00e5d om solkr\u00e4m\u201d. F\u00f6rfattarna skriver att sedan 40 \u00e5r tillbaka har man felaktigt ansett att s\u00e5 l\u00e4nge man sm\u00f6rjer in sig s\u00e5 kan man vara hur l\u00e4nge som helst i solen. Kort och gott s\u00e5 har vi svenskar blivit invaggade i en &#8230; <a title=\"Felaktiga r\u00e5d om solkr\u00e4m\" class=\"read-more\" href=\"https:\/\/blogg.improveme.se\/marieoddsson\/2016\/03\/10\/felaktiga-rad-om-solkram\/\" aria-label=\"L\u00e4s mer om Felaktiga r\u00e5d om solkr\u00e4m\">L\u00e4s mer<\/a><\/p>\n","protected":false},"author":9656,"featured_media":0,"comment_status":"open","ping_status":"open","sticky":false,"template":"","format":"standard","meta":{"footnotes":""},"categories":[338,29,83],"tags":[3,479,194],"class_list":["post-1642","post","type-post","status-publish","format-standard","hentry","category-halsa-2","category-hudvard","category-sol","tag-halsa","tag-hudvard","tag-solskydd"],"_links":{"self":[{"href":"https:\/\/blogg.improveme.se\/marieoddsson\/wp-json\/wp\/v2\/posts\/1642","targetHints":{"allow":["GET"]}}],"collection":[{"href":"https:\/\/blogg.improveme.se\/marieoddsson\/wp-json\/wp\/v2\/posts"}],"about":[{"href":"https:\/\/blogg.improveme.se\/marieoddsson\/wp-json\/wp\/v2\/types\/post"}],"author":[{"embeddable":true,"href":"https:\/\/blogg.improveme.se\/marieoddsson\/wp-json\/wp\/v2\/users\/9656"}],"replies":[{"embeddable":true,"href":"https:\/\/blogg.improveme.se\/marieoddsson\/wp-json\/wp\/v2\/comments?post=1642"}],"version-history":[{"count":0,"href":"https:\/\/blogg.improveme.se\/marieoddsson\/wp-json\/wp\/v2\/posts\/1642\/revisions"}],"wp:attachment":[{"href":"https:\/\/blogg.improveme.se\/marieoddsson\/wp-json\/wp\/v2\/media?parent=1642"}],"wp:term":[{"taxonomy":"category","embeddable":true,"href":"https:\/\/blogg.improveme.se\/marieoddsson\/wp-json\/wp\/v2\/categories?post=1642"},{"taxonomy":"post_tag","embeddable":true,"href":"https:\/\/blogg.improveme.se\/marieoddsson\/wp-json\/wp\/v2\/tags?post=1642"}],"curies":[{"name":"wp","href":"https:\/\/api.w.org\/{rel}","templated":true}]}}