{"id":1651,"date":"2016-03-15T09:32:04","date_gmt":"2016-03-15T08:32:04","guid":{"rendered":"http:\/\/blogg.improveme.se\/marieoddsson\/?p=1651"},"modified":"2016-03-15T09:32:04","modified_gmt":"2016-03-15T08:32:04","slug":"nytt-resemal-for-dagen","status":"publish","type":"post","link":"https:\/\/blogg.improveme.se\/marieoddsson\/2016\/03\/15\/nytt-resemal-for-dagen\/","title":{"rendered":"Nytt resem\u00e5l f\u00f6r dagen"},"content":{"rendered":"<p dir=\"LTR\" align=\"LEFT\">Ibland s\u00e4ger man att det \u00e4r f\u00f6r bra f\u00f6r att vara sant och lite s\u00e5 blev det. Var s\u00e5 glad i g\u00e5r kv\u00e4ll \u00f6ver att vi \u00e4ntligen\u00a0var p\u00e5 v\u00e4g igen. Hela familjen p\u00e5 plats, det k\u00e4nns om en ynnest att vi alla f\u00e5r ihop det med v\u00e5ra jobb. Jag inser att denna typ av resor kommer att bli mer och mer s\u00e4llsynt i framtiden. Efter att alla packat klart och justerat om i v\u00e4skorna \u00e5t vi middag. Vid kaffet n\u00e4r vi\u00a0\u00e4ntligen b\u00f6rjar slappna av och njuta,-\u00a0att vi nu \u00e4r\u00a0 lediga-, d\u00e5 f\u00e5r min man ett sms fr\u00e5n flygbolaget som beklagar att planet \u00e4r 14 timmar sent, 14 timmar sent!! S\u00e5 ist\u00e4llet f\u00f6r att \u00e5ka ut till Arlanda i morse s\u00e5 blev det ner i tunnelbanan och till kontoret.<\/p>\n<p dir=\"LTR\" align=\"LEFT\"><a href=\"http:\/\/blogg.improveme.se\/marieoddsson\/files\/2016\/03\/IMG_25281-e1458030469528.jpg\"><img loading=\"lazy\" decoding=\"async\" class=\"aligncenter size-large wp-image-1653\" src=\"http:\/\/blogg.improveme.se\/marieoddsson\/files\/2016\/03\/IMG_25281-755x566.jpg\" alt=\"IMG_2528[1]\" width=\"755\" height=\"566\" \/><\/a><\/p>\n<p dir=\"LTR\" align=\"LEFT\">Inter riktigt vad jag hade t\u00e4nkt mig. -s\u00e5g extra mycket fram emot att flyga med &#8221;Dreamliner&#8221;, \u00e4ven kallat v\u00e4rldens modernaste passagerarflygplan. H\u00f6gre komfort, mer benutrymme, 5-10% kortare flygtid, 60 % l\u00e4gre bullerniv\u00e5, ett kabinklimat som motverkar uttorkning och jetlag, b\u00e4st \u00e4r att det \u00e4ven har ett l\u00e4gre koldioxidutsl\u00e4pp. Det l\u00e5ter som om detta plan \u00e4r b\u00e4ttre b\u00e5de f\u00f6r v\u00e5ran hud och f\u00f6r v\u00e5r h\u00e4lsa.\u00a0Ska bli riktigt sp\u00e4nnande och se om man k\u00e4nner n\u00e5gon skillnad, om vi nu \u00f6verhuvudtaget kommer i v\u00e4g. Vi har \u00e4nnu inte f\u00e5tt n\u00e5gon f\u00f6rklaring till v\u00e5r f\u00f6rsening, men med tanke p\u00e5 flygtiden\u00a0och tidsomst\u00e4llningen s\u00e5 blir det tuffare ju kortare v\u00e5r resa blir och vi har aldrig flygigt s\u00e5 l\u00e5ngt f\u00f6r s\u00e5 kort tid (redan innan det blev ytterligare kortare).<\/p>\n<p dir=\"LTR\" align=\"LEFT\">S\u00e5 just nu v\u00e5gar jag inte s\u00e4ga s\u00e5 mycket alls om vart jag \u00e4r p\u00e5 v\u00e4g, f\u00f6r vi kanske inte kommer iv\u00e4g. S\u00e5 vart jag skriver ifr\u00e5n n\u00e4sta g\u00e5ng f\u00e5r vi se, kontoret eller&#8230;&#8230;<\/p>\n<p dir=\"LTR\" align=\"LEFT\">H\u00f6rs i morgon<\/p>\n<p>&nbsp;<\/p>\n","protected":false},"excerpt":{"rendered":"<p>Ibland s\u00e4ger man att det \u00e4r f\u00f6r bra f\u00f6r att vara sant och lite s\u00e5 blev det. Var s\u00e5 glad i g\u00e5r kv\u00e4ll \u00f6ver att vi \u00e4ntligen\u00a0var p\u00e5 v\u00e4g igen. Hela familjen p\u00e5 plats, det k\u00e4nns om en ynnest att vi alla f\u00e5r ihop det med v\u00e5ra jobb. Jag inser att denna typ av resor &#8230; <a title=\"Nytt resem\u00e5l f\u00f6r dagen\" class=\"read-more\" href=\"https:\/\/blogg.improveme.se\/marieoddsson\/2016\/03\/15\/nytt-resemal-for-dagen\/\" aria-label=\"L\u00e4s mer om Nytt resem\u00e5l f\u00f6r dagen\">L\u00e4s mer<\/a><\/p>\n","protected":false},"author":9656,"featured_media":0,"comment_status":"open","ping_status":"open","sticky":false,"template":"","format":"standard","meta":{"footnotes":""},"categories":[1],"tags":[377,3,479],"class_list":["post-1651","post","type-post","status-publish","format-standard","hentry","category-okategoriserad","tag-dreamliner","tag-halsa","tag-hudvard"],"_links":{"self":[{"href":"https:\/\/blogg.improveme.se\/marieoddsson\/wp-json\/wp\/v2\/posts\/1651","targetHints":{"allow":["GET"]}}],"collection":[{"href":"https:\/\/blogg.improveme.se\/marieoddsson\/wp-json\/wp\/v2\/posts"}],"about":[{"href":"https:\/\/blogg.improveme.se\/marieoddsson\/wp-json\/wp\/v2\/types\/post"}],"author":[{"embeddable":true,"href":"https:\/\/blogg.improveme.se\/marieoddsson\/wp-json\/wp\/v2\/users\/9656"}],"replies":[{"embeddable":true,"href":"https:\/\/blogg.improveme.se\/marieoddsson\/wp-json\/wp\/v2\/comments?post=1651"}],"version-history":[{"count":0,"href":"https:\/\/blogg.improveme.se\/marieoddsson\/wp-json\/wp\/v2\/posts\/1651\/revisions"}],"wp:attachment":[{"href":"https:\/\/blogg.improveme.se\/marieoddsson\/wp-json\/wp\/v2\/media?parent=1651"}],"wp:term":[{"taxonomy":"category","embeddable":true,"href":"https:\/\/blogg.improveme.se\/marieoddsson\/wp-json\/wp\/v2\/categories?post=1651"},{"taxonomy":"post_tag","embeddable":true,"href":"https:\/\/blogg.improveme.se\/marieoddsson\/wp-json\/wp\/v2\/tags?post=1651"}],"curies":[{"name":"wp","href":"https:\/\/api.w.org\/{rel}","templated":true}]}}