{"id":171,"date":"2014-11-05T09:43:14","date_gmt":"2014-11-05T08:43:14","guid":{"rendered":"http:\/\/blogg.improveme.se\/marieoddsson\/?p=171"},"modified":"2014-11-05T09:43:14","modified_gmt":"2014-11-05T08:43:14","slug":"mina-ogon","status":"publish","type":"post","link":"https:\/\/blogg.improveme.se\/marieoddsson\/2014\/11\/05\/mina-ogon\/","title":{"rendered":"Mina \u00f6gon"},"content":{"rendered":"<p>&nbsp;<\/p>\n<p>Icke verbal kommunikation kan man kalla \u00f6gonkontakt f\u00f6r och det anses att det har betydelse f\u00f6r v\u00e5rt sociala beteende. Medvetet eller omedvetet s\u00e5 s\u00f6ker vi \u00f6gonkontakt f\u00f6r att p\u00e5 n\u00e5got sett f\u00e5 bekr\u00e4ftat att vi syns eller f\u00f6r att f\u00e5 positiva eller negativa k\u00e4nslouttryck.<\/p>\n<p>\u00d6gonen har ocks\u00e5 stor del i v\u00e5r vardagliga rutin. Mycket produkter speciellt utformat f\u00f6r \u00f6gonomr\u00e5det finns p\u00e5 marknaden i dag, b\u00e5de v\u00e5rdande, st\u00e4rkande,\u00a0resultatinriktade m.m.\u00a0och en uppsj\u00f6 av kosmetiskta produkter som f\u00f6rst\u00e4rker och tar fram v\u00e5ra \u00f6gon.<\/p>\n<p>S\u00e5 h\u00e4r \u00e5rs s\u00e5 k\u00e4nns mina \u00f6gon torra, mina \u00f6gonlock \u00e4r tunga och huden under \u00f6gonen mer p\u00e5sig och allt ramas in av en m\u00f6rkare ton. (l\u00e4tt att stoppa huvudet under kudden igen). Torra \u00f6gon kan bero p\u00e5 milj\u00f6, mediciner, allergi och \u00e5lder. H\u00e4ngande \u00f6gonlock f\u00e5r man med \u00e5ldern d\u00e5 elasticiteten och sp\u00e4nsten f\u00f6r\u00e4ndras. \u00d6gonlockshuden kan d\u00e5 t\u00f6ja sig och bli b\u00e5de \u201dh\u00e4ngig och skrynklig\u201d, det kan i sin tur ge ett s\u00f6mnigt uttryck. Som mycket annat kan de ocks\u00e5 g\u00e5 i arv. Svullnader under \u00f6gonen kan vara att du sovit d\u00e5ligt, \u00e4tit f\u00f6r mycket salt som binder v\u00e4tska, tr\u00f6g lymfa, fel\/f\u00f6r starka produkter vid \u00f6gonen. Kort och gott k\u00e4nner jag att jag beh\u00f6ver lite extra hj\u00e4lp s\u00e5 h\u00e4r \u00e5rs f\u00f6r att f\u00e5 upp \u00f6gonen p\u00e5 mornarna. Jag anv\u00e4nder tv\u00e5 olika \u00f6gonprodukter som kompletterar varandra.<\/p>\n<p><a href=\"http:\/\/blogg.improveme.se\/marieoddsson\/files\/2014\/11\/IMG_22371.jpg\"><img loading=\"lazy\" decoding=\"async\" class=\"size-large wp-image-169 aligncenter\" src=\"http:\/\/blogg.improveme.se\/marieoddsson\/files\/2014\/11\/IMG_22371-755x566.jpg\" alt=\"IMG_2237[1]\" width=\"755\" height=\"566\" srcset=\"https:\/\/blogg.improveme.se\/marieoddsson\/files\/2014\/11\/IMG_22371-755x566.jpg 755w, https:\/\/blogg.improveme.se\/marieoddsson\/files\/2014\/11\/IMG_22371-300x225.jpg 300w, https:\/\/blogg.improveme.se\/marieoddsson\/files\/2014\/11\/IMG_22371.jpg 1365w\" sizes=\"auto, (max-width: 755px) 100vw, 755px\" \/><\/a><\/p>\n<p>F\u00f6rst Jabushe Eye Lift Serum det svalkar, dr\u00e4nerar och f\u00e5r ig\u00e5ng min cirkulation. F\u00f6rutom v\u00e4rldspatentet QAL-100 (liponsyra, acetylkarnitin, Q-10) s\u00e5 inneh\u00e5ller det \u00e4ven stamceller fr\u00e5n ett \u00e4pple som f\u00f6rdr\u00f6jer \u00e5ldrandet och \u00f6kar vitliteten i hudens egna stamceller. Eyeseryl \u00e4r en peptid som motverkar f\u00f6rlust av fukt och sp\u00e4nst och samtidigt kan minska p\u00e5 v\u00e4tske- och fettansamlingar. Det f\u00e5r mig att vakna till. P\u00e5 den l\u00e4gger jag Jabushe Intensive age defense som jobbar mer \u201dantiage\u201d. Ocks\u00e5 den med QAL-100 samt lite A-vitamin. Den jobbar mer med mina linjer och rynkor, match make in heaven!<\/p>\n<p><a href=\"http:\/\/blogg.improveme.se\/marieoddsson\/files\/2014\/11\/IMG_22541-e1415175009167.jpg\"><img loading=\"lazy\" decoding=\"async\" class=\"wp-image-167 aligncenter\" src=\"http:\/\/blogg.improveme.se\/marieoddsson\/files\/2014\/11\/IMG_22541-e1415175009167.jpg\" alt=\"Closeup of woman eye\" width=\"755\" height=\"1056\" \/><\/a><\/p>\n<p>F\u00f6rutom \u00f6gonserum \u2013kr\u00e4mer s\u00e5 kan man \u00e4ven anv\u00e4nda fransserum f\u00f6r att f\u00e5 l\u00e4ngre, starkare och fylligare fransar och bryn, men det blir sj\u00e4lvklart ingen f\u00f6r\u00e4ndring \u00f6ver en natt. Magic Lashes \u00e4r ett 2:a generationens\u00a0frans-och brynserum\u00a0som\u00a0\u00e4r v\u00e4rt att prova.\u00a0 Om man har br\u00e5ttom s\u00e5 rekommenderar jag att man provar Semi Permanent Mascara som h\u00e5ller i 3-4 v, d\u00e5 f\u00e5r du effekt med en g\u00e5ng. B\u00e5de serumet och behandlingen kan du k\u00f6pa\/g\u00f6ra hos\u00a0Salong Acasia eller g\u00e5 in p\u00e5 deras webshop <a title=\"www.acasiashop.com\" href=\"http:\/\/www.acasiashop.com\" target=\"_blank\">www.acasiashop.com<\/a>.\u00a0S\u00e5\u00a0s\u00e4tt lite fokus p\u00e5 dina \u00f6gon!<\/p>\n","protected":false},"excerpt":{"rendered":"<p>&nbsp; Icke verbal kommunikation kan man kalla \u00f6gonkontakt f\u00f6r och det anses att det har betydelse f\u00f6r v\u00e5rt sociala beteende. Medvetet eller omedvetet s\u00e5 s\u00f6ker vi \u00f6gonkontakt f\u00f6r att p\u00e5 n\u00e5got sett f\u00e5 bekr\u00e4ftat att vi syns eller f\u00f6r att f\u00e5 positiva eller negativa k\u00e4nslouttryck. \u00d6gonen har ocks\u00e5 stor del i v\u00e5r vardagliga rutin. Mycket &#8230; <a title=\"Mina \u00f6gon\" class=\"read-more\" href=\"https:\/\/blogg.improveme.se\/marieoddsson\/2014\/11\/05\/mina-ogon\/\" aria-label=\"L\u00e4s mer om Mina \u00f6gon\">L\u00e4s mer<\/a><\/p>\n","protected":false},"author":9656,"featured_media":0,"comment_status":"open","ping_status":"open","sticky":false,"template":"","format":"standard","meta":{"footnotes":""},"categories":[1],"tags":[19,14,20,15,21,4],"class_list":["post-171","post","type-post","status-publish","format-standard","hentry","category-okategoriserad","tag-acasiashop","tag-jabushe","tag-magic-lashes","tag-qal-100","tag-semipermanent-mascara","tag-skonhet"],"_links":{"self":[{"href":"https:\/\/blogg.improveme.se\/marieoddsson\/wp-json\/wp\/v2\/posts\/171","targetHints":{"allow":["GET"]}}],"collection":[{"href":"https:\/\/blogg.improveme.se\/marieoddsson\/wp-json\/wp\/v2\/posts"}],"about":[{"href":"https:\/\/blogg.improveme.se\/marieoddsson\/wp-json\/wp\/v2\/types\/post"}],"author":[{"embeddable":true,"href":"https:\/\/blogg.improveme.se\/marieoddsson\/wp-json\/wp\/v2\/users\/9656"}],"replies":[{"embeddable":true,"href":"https:\/\/blogg.improveme.se\/marieoddsson\/wp-json\/wp\/v2\/comments?post=171"}],"version-history":[{"count":0,"href":"https:\/\/blogg.improveme.se\/marieoddsson\/wp-json\/wp\/v2\/posts\/171\/revisions"}],"wp:attachment":[{"href":"https:\/\/blogg.improveme.se\/marieoddsson\/wp-json\/wp\/v2\/media?parent=171"}],"wp:term":[{"taxonomy":"category","embeddable":true,"href":"https:\/\/blogg.improveme.se\/marieoddsson\/wp-json\/wp\/v2\/categories?post=171"},{"taxonomy":"post_tag","embeddable":true,"href":"https:\/\/blogg.improveme.se\/marieoddsson\/wp-json\/wp\/v2\/tags?post=171"}],"curies":[{"name":"wp","href":"https:\/\/api.w.org\/{rel}","templated":true}]}}