{"id":1723,"date":"2016-04-12T09:42:26","date_gmt":"2016-04-12T07:42:26","guid":{"rendered":"http:\/\/blogg.improveme.se\/marieoddsson\/?p=1723"},"modified":"2016-04-12T09:42:26","modified_gmt":"2016-04-12T07:42:26","slug":"pa-resande-fot","status":"publish","type":"post","link":"https:\/\/blogg.improveme.se\/marieoddsson\/2016\/04\/12\/pa-resande-fot\/","title":{"rendered":"P\u00e5 resande fot"},"content":{"rendered":"<p>Nu n\u00e4r jag \u00e4r p\u00e5 resande fot i v\u00e5rt avl\u00e5nga land s\u00e5 \u00e4r jag extra glad \u00f6ver att ha packat lite extra antioxidanter. Folk sitter och hostar och nyser och \u00e4r allm\u00e4nt sm\u00e5 \u201d\u00e4ckliga\u201d. Hur t\u00e4nker de nu? Var i Malm\u00f6 i g\u00e5r och vaknade i G\u00f6teborg i morse, i och f\u00f6r sig mycket trevligt d\u00e5 Sverige visar sig fr\u00e5n sin b\u00e4sta sida, bl\u00e5 himmel och sol hela v\u00e4gen. SJ visade inte sig fr\u00e5n sin b\u00e4sta sida d\u00e5 vi fick st\u00e5 stilla p\u00e5 en station i n\u00e4stan tre timmar. Kanske inte SJ\u00b4s fel, olycka p\u00e5 sp\u00e5ret, men man kan kanske ordna med annan transport eller \u00f6ppna bistron som var st\u00e4ngd.<\/p>\n<p>Tur \u00e4r att jag fick med mig<a href=\"http:\/\/www.medicanord.se\" target=\"_blank\"> Colizin<\/a>, det \u00e4r en perfekt sugtablett med bland annat C-vitamin och zink som bidrar till mitt immunf\u00f6rsvar. Mentolens lugnande effekt vid irritation i halsen \u00e4r perfekt n\u00e4r man k\u00e4nner att det inte \u00e4r l\u00e4mpligt att hosta. Som i en fullsatt t\u00e5gvagn.<\/p>\n<p><a href=\"http:\/\/blogg.improveme.se\/marieoddsson\/files\/2016\/04\/IMG_28821-e1460389346512.jpg\"><img loading=\"lazy\" decoding=\"async\" class=\"aligncenter size-large wp-image-1722\" src=\"http:\/\/blogg.improveme.se\/marieoddsson\/files\/2016\/04\/IMG_28821-755x566.jpg\" alt=\"IMG_2882[1]\" width=\"755\" height=\"566\" \/><\/a><\/p>\n<p>S\u00e5 jag hoppas verkligen att Colizin hj\u00e4lper mig nu n\u00e4r jag kommer att uts\u00e4ttas f\u00f6r m\u00e5nga nya baciller, och jag hoppas att SJ \u00e5ker hela v\u00e4gen hem i kv\u00e4ll utan l\u00e5ngstopp.<\/p>\n<p>Ses i morgon<\/p>\n","protected":false},"excerpt":{"rendered":"<p>Nu n\u00e4r jag \u00e4r p\u00e5 resande fot i v\u00e5rt avl\u00e5nga land s\u00e5 \u00e4r jag extra glad \u00f6ver att ha packat lite extra antioxidanter. Folk sitter och hostar och nyser och \u00e4r allm\u00e4nt sm\u00e5 \u201d\u00e4ckliga\u201d. Hur t\u00e4nker de nu? Var i Malm\u00f6 i g\u00e5r och vaknade i G\u00f6teborg i morse, i och f\u00f6r sig mycket trevligt &#8230; <a title=\"P\u00e5 resande fot\" class=\"read-more\" href=\"https:\/\/blogg.improveme.se\/marieoddsson\/2016\/04\/12\/pa-resande-fot\/\" aria-label=\"L\u00e4s mer om P\u00e5 resande fot\">L\u00e4s mer<\/a><\/p>\n","protected":false},"author":9656,"featured_media":0,"comment_status":"open","ping_status":"open","sticky":false,"template":"","format":"standard","meta":{"footnotes":""},"categories":[338,29],"tags":[392,393,209],"class_list":["post-1723","post","type-post","status-publish","format-standard","hentry","category-halsa-2","category-hudvard","tag-colizin","tag-imunforsvar","tag-medicanord"],"_links":{"self":[{"href":"https:\/\/blogg.improveme.se\/marieoddsson\/wp-json\/wp\/v2\/posts\/1723","targetHints":{"allow":["GET"]}}],"collection":[{"href":"https:\/\/blogg.improveme.se\/marieoddsson\/wp-json\/wp\/v2\/posts"}],"about":[{"href":"https:\/\/blogg.improveme.se\/marieoddsson\/wp-json\/wp\/v2\/types\/post"}],"author":[{"embeddable":true,"href":"https:\/\/blogg.improveme.se\/marieoddsson\/wp-json\/wp\/v2\/users\/9656"}],"replies":[{"embeddable":true,"href":"https:\/\/blogg.improveme.se\/marieoddsson\/wp-json\/wp\/v2\/comments?post=1723"}],"version-history":[{"count":0,"href":"https:\/\/blogg.improveme.se\/marieoddsson\/wp-json\/wp\/v2\/posts\/1723\/revisions"}],"wp:attachment":[{"href":"https:\/\/blogg.improveme.se\/marieoddsson\/wp-json\/wp\/v2\/media?parent=1723"}],"wp:term":[{"taxonomy":"category","embeddable":true,"href":"https:\/\/blogg.improveme.se\/marieoddsson\/wp-json\/wp\/v2\/categories?post=1723"},{"taxonomy":"post_tag","embeddable":true,"href":"https:\/\/blogg.improveme.se\/marieoddsson\/wp-json\/wp\/v2\/tags?post=1723"}],"curies":[{"name":"wp","href":"https:\/\/api.w.org\/{rel}","templated":true}]}}