{"id":1742,"date":"2016-04-19T09:02:35","date_gmt":"2016-04-19T07:02:35","guid":{"rendered":"http:\/\/blogg.improveme.se\/marieoddsson\/?p=1742"},"modified":"2016-04-19T09:04:04","modified_gmt":"2016-04-19T07:04:04","slug":"inte-bara-huden-aldras","status":"publish","type":"post","link":"https:\/\/blogg.improveme.se\/marieoddsson\/2016\/04\/19\/inte-bara-huden-aldras\/","title":{"rendered":"Inte bara huden \u00e5ldras"},"content":{"rendered":"<p>I g\u00e5r var det dags f\u00f6r v\u00e5r medlemstidning att dimpa ner i brevl\u00e5dan. Alltid trevligt att se vad som \u00e4r i ropet, som diskuteras, debatteras, vad vi b\u00f6r g\u00f6ra och vad vi inte b\u00f6r g\u00f6ra. Nya regler f\u00f6r oss auktoriserade hudterapeuter, unders\u00f6kningar inom v\u00e5rt omr\u00e5de, nya produkter, reportage om medlemmar, behandlingar och en massa annat sm\u00e5tt och gott.<\/p>\n<p>Tema denna g\u00e5ng \u00e4r Anti-age, det \u00e4r ett \u00e5terkommande och fascinerande tema. Mycket handlar sj\u00e4lvklart om alla m\u00f6jliga behandlingar och produkter som vi kan anv\u00e4nda mot v\u00e5rt \u00e5ldrande. Mest intressant var dock ett reportage som <a href=\"http:\/\/www.stureplanskliniken.se\" target=\"_blank\">Dr Pyra Haglund <\/a>bidragit med.<\/p>\n<p><a href=\"http:\/\/blogg.improveme.se\/marieoddsson\/files\/2016\/04\/IMG_29291-e1461048858629.jpg\"><img loading=\"lazy\" decoding=\"async\" class=\"aligncenter size-large wp-image-1741\" src=\"http:\/\/blogg.improveme.se\/marieoddsson\/files\/2016\/04\/IMG_29291-755x566.jpg\" alt=\"IMG_2929[1]\" width=\"755\" height=\"566\" \/><\/a><\/p>\n<p>N\u00e4r vi pratar om \u00e5ldrandet s\u00e5 \u00e4r det oftast huden som \u00e4r i fokus, rynkor, f\u00f6rstorade porer, f\u00f6rlust av elasticitet och sp\u00e4nst, pigmentf\u00f6r\u00e4ndringar och andra hudf\u00f6r\u00e4ndringar. Men Pyra b\u00f6rjar l\u00e4ngre in med skelettet som ocks\u00e5 \u00e4r en levande v\u00e4vnad och som bildas och ombildas hela tiden, dock inte i samma takt som huden. \u00d6gonh\u00e5lor och n\u00e4s\u00f6ppningen blir st\u00f6rre n\u00e4r vi \u00e5ldras vinklas dessutom ned\u00e5t (det visste jag inte), vilket g\u00f6r att vi f\u00e5r ett mer ledset utseende.<\/p>\n<p>Under och \u00f6verk\u00e4ke kalkas ut s\u00e5 att det \u201dfaller ihop\u201d, \u00e4ven kindknotorna kalkas ut. Dessutom s\u00e5 roterar kindknotor och underk\u00e4ke ned\u00e5t-bak\u00e5t vilket ger en mindre uttalad profil. K\u00e4nner redan hur hela ansiktet f\u00f6ll ihop. Ovanp\u00e5 skelettet sitter en hel del muskler som bidrar till v\u00e5r mimik, f\u00f6r att tugga och tala men ocks\u00e5 viktigt \u00e4r att de bidrar till ansiktets volym. Underhudsfettet bidrar sj\u00e4lvklart ocks\u00e5 till ansiktets volym och form. Tack Pyra f\u00f6r att du tog oss fr\u00e5n den innersta benstrukturen till v\u00e5r yttersta hudkostym.<\/p>\n<p>M\u00e5ste s\u00e4ga att det k\u00e4nns bra med mitt kosttillskott, Jabushe Collacen som \u00e4r hydroliserat marint kollagen typ 1, det som finn i hud och skelett.<\/p>\n<p>Ses i morgon<\/p>\n","protected":false},"excerpt":{"rendered":"<p>I g\u00e5r var det dags f\u00f6r v\u00e5r medlemstidning att dimpa ner i brevl\u00e5dan. Alltid trevligt att se vad som \u00e4r i ropet, som diskuteras, debatteras, vad vi b\u00f6r g\u00f6ra och vad vi inte b\u00f6r g\u00f6ra. Nya regler f\u00f6r oss auktoriserade hudterapeuter, unders\u00f6kningar inom v\u00e5rt omr\u00e5de, nya produkter, reportage om medlemmar, behandlingar och en massa annat &#8230; <a title=\"Inte bara huden \u00e5ldras\" class=\"read-more\" href=\"https:\/\/blogg.improveme.se\/marieoddsson\/2016\/04\/19\/inte-bara-huden-aldras\/\" aria-label=\"L\u00e4s mer om Inte bara huden \u00e5ldras\">L\u00e4s mer<\/a><\/p>\n","protected":false},"author":9656,"featured_media":0,"comment_status":"open","ping_status":"open","sticky":false,"template":"","format":"standard","meta":{"footnotes":""},"categories":[338,29],"tags":[398,199,399,389,397],"class_list":["post-1742","post","type-post","status-publish","format-standard","hentry","category-halsa-2","category-hudvard","tag-aldrande-hud","tag-anti-age","tag-flytande-collagen","tag-jabushe-collacen","tag-pyra-haglund"],"_links":{"self":[{"href":"https:\/\/blogg.improveme.se\/marieoddsson\/wp-json\/wp\/v2\/posts\/1742","targetHints":{"allow":["GET"]}}],"collection":[{"href":"https:\/\/blogg.improveme.se\/marieoddsson\/wp-json\/wp\/v2\/posts"}],"about":[{"href":"https:\/\/blogg.improveme.se\/marieoddsson\/wp-json\/wp\/v2\/types\/post"}],"author":[{"embeddable":true,"href":"https:\/\/blogg.improveme.se\/marieoddsson\/wp-json\/wp\/v2\/users\/9656"}],"replies":[{"embeddable":true,"href":"https:\/\/blogg.improveme.se\/marieoddsson\/wp-json\/wp\/v2\/comments?post=1742"}],"version-history":[{"count":0,"href":"https:\/\/blogg.improveme.se\/marieoddsson\/wp-json\/wp\/v2\/posts\/1742\/revisions"}],"wp:attachment":[{"href":"https:\/\/blogg.improveme.se\/marieoddsson\/wp-json\/wp\/v2\/media?parent=1742"}],"wp:term":[{"taxonomy":"category","embeddable":true,"href":"https:\/\/blogg.improveme.se\/marieoddsson\/wp-json\/wp\/v2\/categories?post=1742"},{"taxonomy":"post_tag","embeddable":true,"href":"https:\/\/blogg.improveme.se\/marieoddsson\/wp-json\/wp\/v2\/tags?post=1742"}],"curies":[{"name":"wp","href":"https:\/\/api.w.org\/{rel}","templated":true}]}}