{"id":1755,"date":"2016-04-25T09:23:22","date_gmt":"2016-04-25T07:23:22","guid":{"rendered":"http:\/\/blogg.improveme.se\/marieoddsson\/?p=1755"},"modified":"2016-04-25T09:23:22","modified_gmt":"2016-04-25T07:23:22","slug":"sthlm-beauty-week-2","status":"publish","type":"post","link":"https:\/\/blogg.improveme.se\/marieoddsson\/2016\/04\/25\/sthlm-beauty-week-2\/","title":{"rendered":"STHLM Beauty Week"},"content":{"rendered":"<p dir=\"LTR\" align=\"LEFT\">I dag skall jag g\u00e5 p\u00e5 STHLM Beauty Week som h\u00e5ller till i Kungstr\u00e4dg\u00e5rden 25-27 april. Bransch, bloggare, press och medvetna konsumenter i en enda r\u00f6ra, precis som det skall vara. Det \u00e4r tredje \u00e5ret i rad och nytt i \u00e5r \u00e4r att de delar ut ett nystiftat ekologiskt pris, Organic Beauty Awards. D\u00e4r \u00e4r en v\u00e4ninna till mig nominerad, s\u00e5 sj\u00e4lvklart s\u00e5 h\u00e5ller jag tummarna f\u00f6r henne. Just ja, hennes m\u00e4rke heter Meanima, f\u00f6r vuxna och f\u00f6r barn.<\/p>\n<p dir=\"LTR\" align=\"LEFT\"><a href=\"http:\/\/blogg.improveme.se\/marieoddsson\/files\/2015\/04\/IMG_46811-e1430137604662.jpg\"><img loading=\"lazy\" decoding=\"async\" class=\"aligncenter size-large wp-image-1010\" src=\"http:\/\/blogg.improveme.se\/marieoddsson\/files\/2015\/04\/IMG_46811-755x566.jpg\" alt=\"IMG_4681[1]\" width=\"755\" height=\"566\" \/><\/a><\/p>\n<p dir=\"LTR\" align=\"LEFT\">Sj\u00e4lv har jag bokat upp mig p\u00e5 diverse f\u00f6rel\u00e4sningar\/program. Kicks pratar om h\u00e5llbarhet, en kvinna fr\u00e5n Monaco pratar om hur man \u00e4ter sig sj\u00e4lv snygg (kan vara bra att veta),Maria \u00c5kerberg skall presentera en v\u00e4rldsnyhet, levande stamceller. H\u00e4lsotrender, skillnad p\u00e5 ekologisk och vanlig hudv\u00e5rd. En kvinna fr\u00e5n B\u00f6rlind skall prata om pre- och probiotika i hudv\u00e5rd. Filorga kommer dit och det kommer att bli bloggdiskussion kring synen p\u00e5 sk\u00f6nhet. Allt detta och lite till kommer att pratas, disskuteras, debatteras och det \u00e4r bara f\u00f6rsta dagen. Dagen avslutas med Champagneprovning, men det \u00e4r bara f\u00f6r det fina folket.<\/p>\n<p dir=\"LTR\" align=\"LEFT\">Ses i morgon<\/p>\n<p>&nbsp;<\/p>\n","protected":false},"excerpt":{"rendered":"<p>I dag skall jag g\u00e5 p\u00e5 STHLM Beauty Week som h\u00e5ller till i Kungstr\u00e4dg\u00e5rden 25-27 april. Bransch, bloggare, press och medvetna konsumenter i en enda r\u00f6ra, precis som det skall vara. Det \u00e4r tredje \u00e5ret i rad och nytt i \u00e5r \u00e4r att de delar ut ett nystiftat ekologiskt pris, Organic Beauty Awards. D\u00e4r \u00e4r &#8230; <a title=\"STHLM Beauty Week\" class=\"read-more\" href=\"https:\/\/blogg.improveme.se\/marieoddsson\/2016\/04\/25\/sthlm-beauty-week-2\/\" aria-label=\"L\u00e4s mer om STHLM Beauty Week\">L\u00e4s mer<\/a><\/p>\n","protected":false},"author":9656,"featured_media":0,"comment_status":"open","ping_status":"open","sticky":false,"template":"","format":"standard","meta":{"footnotes":""},"categories":[338,29,1],"tags":[199,402,10,255,404,342,403,401],"class_list":["post-1755","post","type-post","status-publish","format-standard","hentry","category-halsa-2","category-hudvard","category-okategoriserad","tag-anti-age","tag-bloggare","tag-hud","tag-naturligt","tag-organiskat","tag-parfym","tag-press","tag-sthlm-beauty-week"],"_links":{"self":[{"href":"https:\/\/blogg.improveme.se\/marieoddsson\/wp-json\/wp\/v2\/posts\/1755","targetHints":{"allow":["GET"]}}],"collection":[{"href":"https:\/\/blogg.improveme.se\/marieoddsson\/wp-json\/wp\/v2\/posts"}],"about":[{"href":"https:\/\/blogg.improveme.se\/marieoddsson\/wp-json\/wp\/v2\/types\/post"}],"author":[{"embeddable":true,"href":"https:\/\/blogg.improveme.se\/marieoddsson\/wp-json\/wp\/v2\/users\/9656"}],"replies":[{"embeddable":true,"href":"https:\/\/blogg.improveme.se\/marieoddsson\/wp-json\/wp\/v2\/comments?post=1755"}],"version-history":[{"count":0,"href":"https:\/\/blogg.improveme.se\/marieoddsson\/wp-json\/wp\/v2\/posts\/1755\/revisions"}],"wp:attachment":[{"href":"https:\/\/blogg.improveme.se\/marieoddsson\/wp-json\/wp\/v2\/media?parent=1755"}],"wp:term":[{"taxonomy":"category","embeddable":true,"href":"https:\/\/blogg.improveme.se\/marieoddsson\/wp-json\/wp\/v2\/categories?post=1755"},{"taxonomy":"post_tag","embeddable":true,"href":"https:\/\/blogg.improveme.se\/marieoddsson\/wp-json\/wp\/v2\/tags?post=1755"}],"curies":[{"name":"wp","href":"https:\/\/api.w.org\/{rel}","templated":true}]}}