{"id":1759,"date":"2016-04-26T21:11:21","date_gmt":"2016-04-26T19:11:21","guid":{"rendered":"http:\/\/blogg.improveme.se\/marieoddsson\/?p=1759"},"modified":"2016-04-26T21:11:21","modified_gmt":"2016-04-26T19:11:21","slug":"en-bra-mandag","status":"publish","type":"post","link":"https:\/\/blogg.improveme.se\/marieoddsson\/2016\/04\/26\/en-bra-mandag\/","title":{"rendered":"En bra m\u00e5ndag"},"content":{"rendered":"<p style=\"margin: 0cm 0cm 10pt\"><span style=\"color: #000000;font-family: Calibri;font-size: medium\">Jag hade en bra b\u00f6rjan p\u00e5 veckan d\u00e5 jag var p\u00e5 STHLM Beauty Week i g\u00e5r. Lite tr\u00e5ng, lite varmt bitvis och i mellan\u00e5t sv\u00e5rt att h\u00f6ra vad som sas p\u00e5 \u201dscen\u201d d\u00e5 det var t\u00e4tt mellan f\u00f6retagen och vissa stod n\u00e4ra scenen.<\/span><\/p>\n<p style=\"margin: 0cm 0cm 10pt\"><span style=\"color: #000000;font-family: Calibri;font-size: medium\">Det var roligt att sitta och lyssna p\u00e5 alla f\u00f6rel\u00e4sare som presenterade sin produkt\/er eller sina behandlingar. Sk\u00f6nhetsbranschen \u00e4r inte lika reglerad som kosttillskottsbranschen, vilket g\u00f6r att vi s\u00e4ger mer och lovar mer.<\/span><\/p>\n<p style=\"margin: 0cm 0cm 10pt\"><span style=\"color: #000000;font-family: Calibri;font-size: medium\">Ett helt nytt m\u00e4rke f\u00f6r mig och de flesta andra var Daniela de Winter fr\u00e5n Monaco. Hennes produkter finns fram f\u00f6r allt p\u00e5 exklusiva spa- och wellness-f\u00f6retag. Hon fokuserar p\u00e5 innovativa och holistiska l\u00f6sningar f\u00f6r naturlig h\u00e4lsa och sk\u00f6nhet. Produkterna var s\u00e5 kallade insideout, d\u00e5 det fanns b\u00e5de produkter fr\u00e5n utsidan och beauty shot\u00b4s fr\u00e5n insidan (smakade helt ok). Och denna m\u00e4ssa var mycket f\u00f6r naturliga organiska produkter.<\/span><\/p>\n<p style=\"margin: 0cm 0cm 10pt\"><span style=\"color: #000000;font-family: Calibri;font-size: medium\">Vill passa p\u00e5 att flagga upp f\u00f6r att min v\u00e4ninna vann \u00e5rets familjeprodukt i Organic Beauty Awards, heja Kattis. Sj\u00e4lvklart \u00e4r jag stolt \u00f6ver min v\u00e4n som har jobbat s\u00e5 h\u00e5rt, att hon \u00e4ntligen f\u00e5r lite uppm\u00e4rksamhet f\u00f6r sina fina produkter.<\/span><\/p>\n<p style=\"margin: 0cm 0cm 10pt\"><span style=\"color: #000000;font-family: Calibri;font-size: medium\">Roligast var i alla fall champagneprovningen som bara var f\u00f6r \u201dspeciellt utvalda\u201d. Av n\u00e5gon konstig anledning s\u00e5 var vi fler icke utvalda som fick delta i detta event. Det var Taittinger som bj\u00f6d p\u00e5 denna nobla dryck och hade en liten historielektion samt provsmakning med tv\u00e5 olika sorter. Sj\u00e4lv tyckte f\u00f6rel\u00e4saren att 5:2 dieten var bra, men att vi skulle byta ut den mot, 2-5 glas champagne om dagen. Gott men kanske lite v\u00e4l mycket av det goda. <\/span><\/p>\n<p style=\"margin: 0cm 0cm 10pt\"><a href=\"http:\/\/blogg.improveme.se\/marieoddsson\/files\/2016\/04\/IMG_29721-e1461697694313.jpg\"><img loading=\"lazy\" decoding=\"async\" class=\"aligncenter size-large wp-image-1758\" src=\"http:\/\/blogg.improveme.se\/marieoddsson\/files\/2016\/04\/IMG_29721-755x566.jpg\" alt=\"IMG_2972[1]\" width=\"755\" height=\"566\" \/><\/a><\/p>\n<p style=\"margin: 0cm 0cm 10pt\"><span style=\"color: #000000;font-family: Calibri;font-size: medium\">Men jag tycket att det var en perfekt m\u00e5ndagkv\u00e4ll att avsluta med tv\u00e5 glas champagne.<\/span><\/p>\n<p style=\"margin: 0cm 0cm 10pt\"><span style=\"color: #000000;font-family: Calibri;font-size: medium\">Ses i morgon<\/span><\/p>\n","protected":false},"excerpt":{"rendered":"<p>Jag hade en bra b\u00f6rjan p\u00e5 veckan d\u00e5 jag var p\u00e5 STHLM Beauty Week i g\u00e5r. Lite tr\u00e5ng, lite varmt bitvis och i mellan\u00e5t sv\u00e5rt att h\u00f6ra vad som sas p\u00e5 \u201dscen\u201d d\u00e5 det var t\u00e4tt mellan f\u00f6retagen och vissa stod n\u00e4ra scenen. Det var roligt att sitta och lyssna p\u00e5 alla f\u00f6rel\u00e4sare som presenterade &#8230; <a title=\"En bra m\u00e5ndag\" class=\"read-more\" href=\"https:\/\/blogg.improveme.se\/marieoddsson\/2016\/04\/26\/en-bra-mandag\/\" aria-label=\"L\u00e4s mer om En bra m\u00e5ndag\">L\u00e4s mer<\/a><\/p>\n","protected":false},"author":9656,"featured_media":0,"comment_status":"open","ping_status":"open","sticky":false,"template":"","format":"standard","meta":{"footnotes":""},"categories":[338,29],"tags":[],"class_list":["post-1759","post","type-post","status-publish","format-standard","hentry","category-halsa-2","category-hudvard"],"_links":{"self":[{"href":"https:\/\/blogg.improveme.se\/marieoddsson\/wp-json\/wp\/v2\/posts\/1759","targetHints":{"allow":["GET"]}}],"collection":[{"href":"https:\/\/blogg.improveme.se\/marieoddsson\/wp-json\/wp\/v2\/posts"}],"about":[{"href":"https:\/\/blogg.improveme.se\/marieoddsson\/wp-json\/wp\/v2\/types\/post"}],"author":[{"embeddable":true,"href":"https:\/\/blogg.improveme.se\/marieoddsson\/wp-json\/wp\/v2\/users\/9656"}],"replies":[{"embeddable":true,"href":"https:\/\/blogg.improveme.se\/marieoddsson\/wp-json\/wp\/v2\/comments?post=1759"}],"version-history":[{"count":0,"href":"https:\/\/blogg.improveme.se\/marieoddsson\/wp-json\/wp\/v2\/posts\/1759\/revisions"}],"wp:attachment":[{"href":"https:\/\/blogg.improveme.se\/marieoddsson\/wp-json\/wp\/v2\/media?parent=1759"}],"wp:term":[{"taxonomy":"category","embeddable":true,"href":"https:\/\/blogg.improveme.se\/marieoddsson\/wp-json\/wp\/v2\/categories?post=1759"},{"taxonomy":"post_tag","embeddable":true,"href":"https:\/\/blogg.improveme.se\/marieoddsson\/wp-json\/wp\/v2\/tags?post=1759"}],"curies":[{"name":"wp","href":"https:\/\/api.w.org\/{rel}","templated":true}]}}