{"id":179,"date":"2014-11-10T12:06:31","date_gmt":"2014-11-10T11:06:31","guid":{"rendered":"http:\/\/blogg.improveme.se\/marieoddsson\/?p=179"},"modified":"2014-11-10T12:06:31","modified_gmt":"2014-11-10T11:06:31","slug":"gront-var-fargen","status":"publish","type":"post","link":"https:\/\/blogg.improveme.se\/marieoddsson\/2014\/11\/10\/gront-var-fargen\/","title":{"rendered":"Gr\u00f6nt var f\u00e4rgen!"},"content":{"rendered":"<p style=\"margin: 0cm 0cm 10pt\"><span style=\"color: #000000;font-family: Calibri;font-size: medium\">Balans var i fokus p\u00e5 Allt f\u00f6r h\u00e4lsan m\u00e4ssan i \u00e5r, lagom av allt i fysisk aktivitet g\u00e4rna gr\u00f6n (utomhus), mental h\u00e4lsa, avslappning och sunda gr\u00f6na kosttillskott. F\u00f6rutom en hel del tr\u00e4ningsaktiviteter s\u00e5 kunde man \u00e4ven prova p\u00e5 en del behandlingar och provsmaka allt ifr\u00e5n choklad, n\u00f6tter, b\u00f6npasta, till alla m\u00f6jliga energidrycker. En av mina v\u00e4ninnor provade p\u00e5 att g\u00f6ra en NBE micro needling behandling. Det \u00e4r ett duo koncept som f\u00f6rst peelar huden mekaniskt f\u00f6r att huden sedan ska\u00a0ta upp h\u00f6gkoncentrerade serum med sin specialutvecklade mikrokanalteknologi. <a href=\"http:\/\/blogg.improveme.se\/marieoddsson\/files\/2014\/11\/IMG_22751-e1415561170182.jpg\"><img loading=\"lazy\" decoding=\"async\" class=\"size-large wp-image-176 aligncenter\" src=\"http:\/\/blogg.improveme.se\/marieoddsson\/files\/2014\/11\/IMG_22751-e1415560318892-755x1006.jpg\" alt=\"IMG_2275[1]\" width=\"755\" height=\"1006\" \/><\/a><\/span><\/p>\n<p style=\"margin: 0cm 0cm 10pt\"><span style=\"color: #000000;font-family: Calibri;font-size: medium\">F\u00f6r huden var det ocks\u00e5 gr\u00f6nt som g\u00e4llde, ekologisk hudv\u00e5rd. K\u00e4nde dock att dessa montrar f\u00f6rsvann lite bland m\u00e5nga andra st\u00f6rre akt\u00f6rer. Roligt var att det fanns pionj\u00e4rer som Marja Entrich p\u00e5 plats (Marja sj\u00e4lv gick bort 1999). Tony Irving har g\u00e5tt \u00f6ver fr\u00e5n Botox till s\u00e5 kallad naturlig hudv\u00e5rd och om det ber\u00e4ttade han p\u00e5 sitt seminarium, ett av ca 200 stycken. Rent generellt var det sv\u00e5rt att h\u00f6ra vad som sas d\u00e5 det pratades p\u00e5 flera st\u00e4llen samtidigt, lite r\u00f6rigt och st\u00f6kigt blev k\u00e4nslan. Eller som en annan kollega beskrev det hela \u2013 det k\u00e4nns som att vara p\u00e5 Kiviks marknad.<\/span><\/p>\n<p style=\"margin: 0cm 0cm 10pt\"><span style=\"color: #000000;font-family: Calibri;font-size: medium\">En sp\u00e4nnande monter var Terapeut Akademin som erbjuder en m\u00e4ngd olika e-kurser f\u00f6r dig som vill investera i dig sj\u00e4lv. Anette Hellstr\u00f6m \u00e4r den driftiga, kunniga och positiva kvinnan bakom detta koncept. Det finns en m\u00e4ngd olika kurser som \u00e4r intressanta att l\u00e4sa, \u201dJobba smartare, f\u00e5 mer tid \u00f6ver\u201d, \u201dEffektiva m\u00f6ten\u201d, \u201dSkapa ditt egna starka varum\u00e4rke\u201d och m\u00e5nga, m\u00e5nga fler. G\u00e5\u00a0 in och titta p\u00e5 hela kursutbudet p\u00e5 <\/span><a title=\"www.terapeutakademin.se\" href=\"http:\/\/www.terapeutakademin.se\"><span style=\"color: #0000ff;font-family: Calibri;font-size: medium\">www.terapeutakademin.se<\/span><\/a><span style=\"color: #000000;font-family: Calibri;font-size: medium\"> och se om n\u00e5got passar dig.<\/span><\/p>\n<p style=\"margin: 0cm 0cm 10pt\"><a href=\"http:\/\/blogg.improveme.se\/marieoddsson\/files\/2014\/11\/IMP-IMG01-e1415613167517.jpg\"><img loading=\"lazy\" decoding=\"async\" class=\"size-full wp-image-190 aligncenter\" src=\"http:\/\/blogg.improveme.se\/marieoddsson\/files\/2014\/11\/IMP-IMG01-e1415613167517.jpg\" alt=\"IMP-IMG01\" width=\"566\" height=\"755\" \/><\/a><\/p>\n<p style=\"margin: 0cm 0cm 10pt\"><span style=\"color: #000000;font-family: Calibri;font-size: medium\">\u00a0<\/span><\/p>\n<p style=\"margin: 0cm 0cm 10pt\"><span style=\"color: #000000;font-family: Calibri;font-size: medium\">Allt h\u00e4nger ihop i ,att motionera regelbundet f\u00f6r kropp och sj\u00e4l g\u00f6r att man m\u00e5r b\u00e4ttre. Jag f\u00f6rs\u00f6ker att r\u00f6ra p\u00e5 mig n\u00e5gra g\u00e5nger i veckan. Behandlingar kan vara b\u00e5de viktiga men ocks\u00e5 en ren avkoppling. F\u00f6rs\u00f6ker \u00e4ven att d\u00e5 och d\u00e5 g\u00f6ra behandlingar som jag k\u00e4nner att jag beh\u00f6ver p\u00e5 n\u00e5got s\u00e4tt eller bara \u00e4r nyfiken p\u00e5. Detta f\u00f6r att bli av med min stelhet i kroppen, f\u00f6r att f\u00e5 finare f\u00f6tter eller f\u00f6r att mjuka upp mina linjer i ansiktet som g\u00f6r att jag k\u00e4nner mig fr\u00e4schare. Annan avkoppling jag v\u00e4ljer \u00e4r beroende p\u00e5 tid och hum\u00f6r. Att l\u00e4sa en bok, eller g\u00e5 ut och g\u00e5, umg\u00e5s, \u00e4ta gott, ta ett glas vin och mycket mer. Som vanligt \u00e4r det m\u00e5nga val att g\u00f6ra men inte mindre viktiga f\u00f6r det. F\u00f6r allt h\u00e4nger ihop\u2026<\/span><\/p>\n<p style=\"margin: 0cm 0cm 10pt\"><a href=\"http:\/\/blogg.improveme.se\/marieoddsson\/files\/2014\/11\/IMP-IMG02.jpg\"><img loading=\"lazy\" decoding=\"async\" class=\"size-full wp-image-191 aligncenter\" src=\"http:\/\/blogg.improveme.se\/marieoddsson\/files\/2014\/11\/IMP-IMG02.jpg\" alt=\"IMP-IMG02\" width=\"566\" height=\"755\" srcset=\"https:\/\/blogg.improveme.se\/marieoddsson\/files\/2014\/11\/IMP-IMG02.jpg 566w, https:\/\/blogg.improveme.se\/marieoddsson\/files\/2014\/11\/IMP-IMG02-224x300.jpg 224w\" sizes=\"auto, (max-width: 566px) 100vw, 566px\" \/><\/a><\/p>\n<p style=\"margin: 0cm 0cm 10pt\">M\u00e5 gott och sk\u00f6t om dig!<\/p>\n","protected":false},"excerpt":{"rendered":"<p>Balans var i fokus p\u00e5 Allt f\u00f6r h\u00e4lsan m\u00e4ssan i \u00e5r, lagom av allt i fysisk aktivitet g\u00e4rna gr\u00f6n (utomhus), mental h\u00e4lsa, avslappning och sunda gr\u00f6na kosttillskott. F\u00f6rutom en hel del tr\u00e4ningsaktiviteter s\u00e5 kunde man \u00e4ven prova p\u00e5 en del behandlingar och provsmaka allt ifr\u00e5n choklad, n\u00f6tter, b\u00f6npasta, till alla m\u00f6jliga energidrycker. En av mina &#8230; <a title=\"Gr\u00f6nt var f\u00e4rgen!\" class=\"read-more\" href=\"https:\/\/blogg.improveme.se\/marieoddsson\/2014\/11\/10\/gront-var-fargen\/\" aria-label=\"L\u00e4s mer om Gr\u00f6nt var f\u00e4rgen!\">L\u00e4s mer<\/a><\/p>\n","protected":false},"author":9656,"featured_media":0,"comment_status":"open","ping_status":"open","sticky":false,"template":"","format":"standard","meta":{"footnotes":""},"categories":[1],"tags":[22,4,23],"class_list":["post-179","post","type-post","status-publish","format-standard","hentry","category-okategoriserad","tag-halsan","tag-skonhet","tag-terapeutakademin"],"_links":{"self":[{"href":"https:\/\/blogg.improveme.se\/marieoddsson\/wp-json\/wp\/v2\/posts\/179","targetHints":{"allow":["GET"]}}],"collection":[{"href":"https:\/\/blogg.improveme.se\/marieoddsson\/wp-json\/wp\/v2\/posts"}],"about":[{"href":"https:\/\/blogg.improveme.se\/marieoddsson\/wp-json\/wp\/v2\/types\/post"}],"author":[{"embeddable":true,"href":"https:\/\/blogg.improveme.se\/marieoddsson\/wp-json\/wp\/v2\/users\/9656"}],"replies":[{"embeddable":true,"href":"https:\/\/blogg.improveme.se\/marieoddsson\/wp-json\/wp\/v2\/comments?post=179"}],"version-history":[{"count":0,"href":"https:\/\/blogg.improveme.se\/marieoddsson\/wp-json\/wp\/v2\/posts\/179\/revisions"}],"wp:attachment":[{"href":"https:\/\/blogg.improveme.se\/marieoddsson\/wp-json\/wp\/v2\/media?parent=179"}],"wp:term":[{"taxonomy":"category","embeddable":true,"href":"https:\/\/blogg.improveme.se\/marieoddsson\/wp-json\/wp\/v2\/categories?post=179"},{"taxonomy":"post_tag","embeddable":true,"href":"https:\/\/blogg.improveme.se\/marieoddsson\/wp-json\/wp\/v2\/tags?post=179"}],"curies":[{"name":"wp","href":"https:\/\/api.w.org\/{rel}","templated":true}]}}