{"id":1800,"date":"2016-05-17T09:45:07","date_gmt":"2016-05-17T07:45:07","guid":{"rendered":"http:\/\/blogg.improveme.se\/marieoddsson\/?p=1800"},"modified":"2016-05-17T09:45:07","modified_gmt":"2016-05-17T07:45:07","slug":"kanske-inge-mer-graa-har","status":"publish","type":"post","link":"https:\/\/blogg.improveme.se\/marieoddsson\/2016\/05\/17\/kanske-inge-mer-graa-har\/","title":{"rendered":"Kanske inge mer gr\u00e5a h\u00e5r"},"content":{"rendered":"<p>Man kan fundera ibland p\u00e5 vad vi har f\u00f6r relation till v\u00e5rt h\u00e5r. Det \u00e4r ofta mode som styr om det skall vara platt eller lockigt, f\u00e4rg eller slingor eller b\u00e5de och. Ofta vill vi dessutom ha det vi inte har, vi som har rakt h\u00e5r \u00f6nskar att vi hade haft ett lockigt svallande h\u00e5r och tv\u00e4rtom. Det som de flesta har gemensamt \u00e4r att de inte vill ha gr\u00e5tt h\u00e5r. Just nu har det varit ett undantag d\u00e5 unga tjejer och killar har f\u00e4rgat sitt h\u00e5r i olika nyanser av gr\u00e5tt.<br \/>\nNu kan det finnas hopp f\u00f6r nu har forskarna f\u00f6r f\u00f6rsta g\u00e5ngen identifierat den gen som ligger bakom att vi m\u00e4nniskor f\u00e5r gr\u00e5tt h\u00e5r.<\/p>\n<p><a href=\"http:\/\/blogg.improveme.se\/marieoddsson\/files\/2016\/05\/IMG_30571-e1463470427282.jpg\"><img loading=\"lazy\" decoding=\"async\" class=\"aligncenter size-large wp-image-1799\" src=\"http:\/\/blogg.improveme.se\/marieoddsson\/files\/2016\/05\/IMG_30571-755x566.jpg\" alt=\"IMG_3057[1]\" width=\"755\" height=\"566\" \/><\/a><\/p>\n<p>IRF4 heter denna lilla \u201dgr\u00e5a\u201d gen. Det h\u00e4r kan inneb\u00e4ra (om vi har tur) att identifieringen av denna gen f\u00e5r betydelse f\u00f6r utvecklingen av metoder att skjuta upp eller kanske helt s\u00e4tta stop f\u00f6r att h\u00e5ret blir gr\u00e5tt.<br \/>\nDet \u00e4r s\u00e4kert ett tag dit, och fram till dess f\u00e5r man best\u00e4mma sig om man vill forts\u00e4tta att f\u00e4rga sitt h\u00e5r eller om man vill \u201dgo all in\u201d.<\/p>\n<p>H\u00f6rs i morgon \ud83d\ude42<\/p>\n<p>&nbsp;<\/p>\n","protected":false},"excerpt":{"rendered":"<p>Man kan fundera ibland p\u00e5 vad vi har f\u00f6r relation till v\u00e5rt h\u00e5r. Det \u00e4r ofta mode som styr om det skall vara platt eller lockigt, f\u00e4rg eller slingor eller b\u00e5de och. Ofta vill vi dessutom ha det vi inte har, vi som har rakt h\u00e5r \u00f6nskar att vi hade haft ett lockigt svallande h\u00e5r &#8230; <a title=\"Kanske inge mer gr\u00e5a h\u00e5r\" class=\"read-more\" href=\"https:\/\/blogg.improveme.se\/marieoddsson\/2016\/05\/17\/kanske-inge-mer-graa-har\/\" aria-label=\"L\u00e4s mer om Kanske inge mer gr\u00e5a h\u00e5r\">L\u00e4s mer<\/a><\/p>\n","protected":false},"author":9656,"featured_media":0,"comment_status":"open","ping_status":"open","sticky":false,"template":"","format":"standard","meta":{"footnotes":""},"categories":[338,29],"tags":[417,142],"class_list":["post-1800","post","type-post","status-publish","format-standard","hentry","category-halsa-2","category-hudvard","tag-gratt-har","tag-har"],"_links":{"self":[{"href":"https:\/\/blogg.improveme.se\/marieoddsson\/wp-json\/wp\/v2\/posts\/1800","targetHints":{"allow":["GET"]}}],"collection":[{"href":"https:\/\/blogg.improveme.se\/marieoddsson\/wp-json\/wp\/v2\/posts"}],"about":[{"href":"https:\/\/blogg.improveme.se\/marieoddsson\/wp-json\/wp\/v2\/types\/post"}],"author":[{"embeddable":true,"href":"https:\/\/blogg.improveme.se\/marieoddsson\/wp-json\/wp\/v2\/users\/9656"}],"replies":[{"embeddable":true,"href":"https:\/\/blogg.improveme.se\/marieoddsson\/wp-json\/wp\/v2\/comments?post=1800"}],"version-history":[{"count":0,"href":"https:\/\/blogg.improveme.se\/marieoddsson\/wp-json\/wp\/v2\/posts\/1800\/revisions"}],"wp:attachment":[{"href":"https:\/\/blogg.improveme.se\/marieoddsson\/wp-json\/wp\/v2\/media?parent=1800"}],"wp:term":[{"taxonomy":"category","embeddable":true,"href":"https:\/\/blogg.improveme.se\/marieoddsson\/wp-json\/wp\/v2\/categories?post=1800"},{"taxonomy":"post_tag","embeddable":true,"href":"https:\/\/blogg.improveme.se\/marieoddsson\/wp-json\/wp\/v2\/tags?post=1800"}],"curies":[{"name":"wp","href":"https:\/\/api.w.org\/{rel}","templated":true}]}}