{"id":1803,"date":"2016-05-18T09:14:47","date_gmt":"2016-05-18T07:14:47","guid":{"rendered":"http:\/\/blogg.improveme.se\/marieoddsson\/?p=1803"},"modified":"2016-05-18T09:14:47","modified_gmt":"2016-05-18T07:14:47","slug":"extra-hud","status":"publish","type":"post","link":"https:\/\/blogg.improveme.se\/marieoddsson\/2016\/05\/18\/extra-hud\/","title":{"rendered":"Extra hud"},"content":{"rendered":"<p>S\u00e5g p\u00e5 Vetenskapens v\u00e4rld i veckan som hade ett kort inslag om att sm\u00f6rja p\u00e5 en extra hud. Den presenterades som en anti rynk kr\u00e4m som tillf\u00e4lligt sl\u00e4tade ut och stramade upp huden d\u00e5 den efter att ha torkat bildade en tunn, elastisk och\u00a0t\u00e5lig \u00a0hinna p\u00e5 huden.<br \/>\nD\u00e5 denna typ av \u201dkr\u00e4m\u201d b\u00e5de st\u00e5r emot vatten och skrubbande s\u00e5 skulle den kunna anv\u00e4ndas p\u00e5 personer med eksem. Den verksamma substansen sm\u00f6rjer man\u00a0in f\u00f6rst, f\u00f6r att sen sm\u00f6rja ut extra huden ovanp\u00e5, det g\u00f6r i sin tur att den verksamma kr\u00e4men sitter kvar l\u00e4ngre. Det h\u00e4r l\u00e5ter mycket intressant tycker jag, \u00e4ven f\u00f6r andra typer av \u201dtrasig hud\u201d. Inte bara eksem, utan \u00e4ven br\u00e4nns\u00e5r, bens\u00e5r, skavs\u00e5r och s\u00e4ker andra typer av s\u00e5r ocks\u00e5.<\/p>\n<p><a href=\"http:\/\/blogg.improveme.se\/marieoddsson\/files\/2016\/05\/IMG_30611-e1463555295342.jpg\"><img loading=\"lazy\" decoding=\"async\" class=\"aligncenter size-large wp-image-1802\" src=\"http:\/\/blogg.improveme.se\/marieoddsson\/files\/2016\/05\/IMG_30611-755x566.jpg\" alt=\"IMG_3061[1]\" width=\"755\" height=\"566\" \/><\/a><br \/>\nDe n\u00e4mnde \u00e4ven att titta vidare p\u00e5 denna typ av extra hud som ett UV skydd, f\u00f6r att vi ska slippa anv\u00e4nda solkr\u00e4mer. T\u00e4nker att d\u00e5 \u00e4r det viktigt att denna typ av extra hud andas, annars kommer det att bli som att sitta i en bastu med regnkl\u00e4der p\u00e5.<br \/>\nH\u00f6rs i morgon<\/p>\n","protected":false},"excerpt":{"rendered":"<p>S\u00e5g p\u00e5 Vetenskapens v\u00e4rld i veckan som hade ett kort inslag om att sm\u00f6rja p\u00e5 en extra hud. Den presenterades som en anti rynk kr\u00e4m som tillf\u00e4lligt sl\u00e4tade ut och stramade upp huden d\u00e5 den efter att ha torkat bildade en tunn, elastisk och\u00a0t\u00e5lig \u00a0hinna p\u00e5 huden. D\u00e5 denna typ av \u201dkr\u00e4m\u201d b\u00e5de st\u00e5r emot &#8230; <a title=\"Extra hud\" class=\"read-more\" href=\"https:\/\/blogg.improveme.se\/marieoddsson\/2016\/05\/18\/extra-hud\/\" aria-label=\"L\u00e4s mer om Extra hud\">L\u00e4s mer<\/a><\/p>\n","protected":false},"author":9656,"featured_media":0,"comment_status":"open","ping_status":"open","sticky":false,"template":"","format":"standard","meta":{"footnotes":""},"categories":[338,29],"tags":[418,194],"class_list":["post-1803","post","type-post","status-publish","format-standard","hentry","category-halsa-2","category-hudvard","tag-extra-hud","tag-solskydd"],"_links":{"self":[{"href":"https:\/\/blogg.improveme.se\/marieoddsson\/wp-json\/wp\/v2\/posts\/1803","targetHints":{"allow":["GET"]}}],"collection":[{"href":"https:\/\/blogg.improveme.se\/marieoddsson\/wp-json\/wp\/v2\/posts"}],"about":[{"href":"https:\/\/blogg.improveme.se\/marieoddsson\/wp-json\/wp\/v2\/types\/post"}],"author":[{"embeddable":true,"href":"https:\/\/blogg.improveme.se\/marieoddsson\/wp-json\/wp\/v2\/users\/9656"}],"replies":[{"embeddable":true,"href":"https:\/\/blogg.improveme.se\/marieoddsson\/wp-json\/wp\/v2\/comments?post=1803"}],"version-history":[{"count":0,"href":"https:\/\/blogg.improveme.se\/marieoddsson\/wp-json\/wp\/v2\/posts\/1803\/revisions"}],"wp:attachment":[{"href":"https:\/\/blogg.improveme.se\/marieoddsson\/wp-json\/wp\/v2\/media?parent=1803"}],"wp:term":[{"taxonomy":"category","embeddable":true,"href":"https:\/\/blogg.improveme.se\/marieoddsson\/wp-json\/wp\/v2\/categories?post=1803"},{"taxonomy":"post_tag","embeddable":true,"href":"https:\/\/blogg.improveme.se\/marieoddsson\/wp-json\/wp\/v2\/tags?post=1803"}],"curies":[{"name":"wp","href":"https:\/\/api.w.org\/{rel}","templated":true}]}}