{"id":1814,"date":"2016-05-23T09:41:25","date_gmt":"2016-05-23T07:41:25","guid":{"rendered":"http:\/\/blogg.improveme.se\/marieoddsson\/?p=1814"},"modified":"2016-05-23T09:41:25","modified_gmt":"2016-05-23T07:41:25","slug":"svart-eller-vit","status":"publish","type":"post","link":"https:\/\/blogg.improveme.se\/marieoddsson\/2016\/05\/23\/svart-eller-vit\/","title":{"rendered":"Svart eller vit?"},"content":{"rendered":"<p>Ganska galen v\u00e4rld vi lever i n\u00e4r det kommer till f\u00e4rgen p\u00e5 v\u00e5r hud. I g\u00e5r n\u00e4r jag kom hem s\u00e5 sitter en av mina grannar och solar sig p\u00e5 trappen. Det vill s\u00e4ga hon har byxor som hon kavlat upp och t-shirt p\u00e5 sig f\u00f6r att inte visa hur blek hon \u00e4r.\u00a0Hon vill\u00a0som s\u00e5 m\u00e5nga andra f\u00e5 lite f\u00e4rg p\u00e5 armar och ben innan hon tar p\u00e5 sig kl\u00e4nning, shorts eller kjol. Senare p\u00e5 eftermiddagen\u00a0kom min\u00a0dotter f\u00f6rbi f\u00f6r att fika, j\u00e4tte fr\u00e4sch och \u201dbrunbr\u00e4nd\u201d. Hon \u00e4r normalt s\u00e4tt ganska vit i sin hud, men hade nu sm\u00f6rjt in sig med brun utan sol. Samtidigt som jag vet att folk som har en m\u00f6rkare hud bleker sin med alla m\u00f6jliga konstiga medel.<\/p>\n<p><a href=\"http:\/\/blogg.improveme.se\/marieoddsson\/files\/2016\/05\/IMG_30821-e1463988752313.jpg\"><img loading=\"lazy\" decoding=\"async\" class=\"aligncenter size-large wp-image-1813\" src=\"http:\/\/blogg.improveme.se\/marieoddsson\/files\/2016\/05\/IMG_30821-755x566.jpg\" alt=\"IMG_3082[1]\" width=\"755\" height=\"566\" \/><\/a><\/p>\n<p>Lite galet m\u00e5ste jag s\u00e4ga, som s\u00e5 ofta vill man ha det man inte har.<br \/>\nSoleksem \u00e4r vanligare h\u00e4r i norden \u00e4n i \u00f6vriga l\u00e4nder (kanske av en anledning), det \u00e4r ocks\u00e5 vanligare bland kvinnor \u00e4n men (9:1). Ofta upptr\u00e4der det i mars-juni f\u00f6r att sen avta under resten av sommaren. Tyv\u00e4rr s\u00e5 \u00e5terkommer besv\u00e4ren ofta varje f\u00f6rsommar p\u00e5 de utsatta solbelysta hudpartierna.<br \/>\nS\u00e5 black or white, det \u00e4r fr\u00e5gan?<\/p>\n<p>Ses i morgon!<\/p>\n","protected":false},"excerpt":{"rendered":"<p>Ganska galen v\u00e4rld vi lever i n\u00e4r det kommer till f\u00e4rgen p\u00e5 v\u00e5r hud. I g\u00e5r n\u00e4r jag kom hem s\u00e5 sitter en av mina grannar och solar sig p\u00e5 trappen. Det vill s\u00e4ga hon har byxor som hon kavlat upp och t-shirt p\u00e5 sig f\u00f6r att inte visa hur blek hon \u00e4r.\u00a0Hon vill\u00a0som s\u00e5 &#8230; <a title=\"Svart eller vit?\" class=\"read-more\" href=\"https:\/\/blogg.improveme.se\/marieoddsson\/2016\/05\/23\/svart-eller-vit\/\" aria-label=\"L\u00e4s mer om Svart eller vit?\">L\u00e4s mer<\/a><\/p>\n","protected":false},"author":9656,"featured_media":0,"comment_status":"open","ping_status":"open","sticky":false,"template":"","format":"standard","meta":{"footnotes":""},"categories":[338,29,83],"tags":[],"class_list":["post-1814","post","type-post","status-publish","format-standard","hentry","category-halsa-2","category-hudvard","category-sol"],"_links":{"self":[{"href":"https:\/\/blogg.improveme.se\/marieoddsson\/wp-json\/wp\/v2\/posts\/1814","targetHints":{"allow":["GET"]}}],"collection":[{"href":"https:\/\/blogg.improveme.se\/marieoddsson\/wp-json\/wp\/v2\/posts"}],"about":[{"href":"https:\/\/blogg.improveme.se\/marieoddsson\/wp-json\/wp\/v2\/types\/post"}],"author":[{"embeddable":true,"href":"https:\/\/blogg.improveme.se\/marieoddsson\/wp-json\/wp\/v2\/users\/9656"}],"replies":[{"embeddable":true,"href":"https:\/\/blogg.improveme.se\/marieoddsson\/wp-json\/wp\/v2\/comments?post=1814"}],"version-history":[{"count":0,"href":"https:\/\/blogg.improveme.se\/marieoddsson\/wp-json\/wp\/v2\/posts\/1814\/revisions"}],"wp:attachment":[{"href":"https:\/\/blogg.improveme.se\/marieoddsson\/wp-json\/wp\/v2\/media?parent=1814"}],"wp:term":[{"taxonomy":"category","embeddable":true,"href":"https:\/\/blogg.improveme.se\/marieoddsson\/wp-json\/wp\/v2\/categories?post=1814"},{"taxonomy":"post_tag","embeddable":true,"href":"https:\/\/blogg.improveme.se\/marieoddsson\/wp-json\/wp\/v2\/tags?post=1814"}],"curies":[{"name":"wp","href":"https:\/\/api.w.org\/{rel}","templated":true}]}}