{"id":1829,"date":"2016-05-30T09:44:42","date_gmt":"2016-05-30T07:44:42","guid":{"rendered":"http:\/\/blogg.improveme.se\/marieoddsson\/?p=1829"},"modified":"2016-05-30T09:44:42","modified_gmt":"2016-05-30T07:44:42","slug":"hudmelanom","status":"publish","type":"post","link":"https:\/\/blogg.improveme.se\/marieoddsson\/2016\/05\/30\/hudmelanom\/","title":{"rendered":"Hudmelanom"},"content":{"rendered":"<p>Nu n\u00e4r vi g\u00e5r mot ljusare tider s\u00e5 \u00e4r det viktigt att t\u00e4nka p\u00e5 hur mycket tid du vistas i solen och p\u00e5 vilket s\u00e4tt. Eftersom hudmelanom fortfarande \u00f6kar i v\u00e5rt lands s\u00e5 verkar det inte som om informationen riktigt har g\u00e5t fram. Sj\u00e4lv har jag s\u00e5 kallade dysplastiska nevi, eller inte. Har g\u00e5tt i tio \u00e5r varje \u00e5r och kollat upp mig d\u00e5 flera l\u00e4kare anser att jag borde g\u00f6ra detta. F\u00f6r n\u00e5got \u00e5r sen var jag p\u00e5 samma st\u00e4lle f\u00f6r att kolla upp mig och fick d\u00e5 en vikarie f\u00f6r min ordinarie hudl\u00e4kare. Denna kvinna sa d\u00e5 att jag inte har dysplastiska nevi?! Sj\u00e4lv har jag sv\u00e5rt att bed\u00f6ma det hela, helt klart \u00e4r att jag har en hel del pigmentf\u00f6r\u00e4ndringar.<br \/>\nDysplastiska nevi \u00e4r hudfl\u00e4ckar som skiljer sig fr\u00e5n vanliga nevi (f\u00f6delsem\u00e4rken). De har asymetriska och oregelbundna i former. De kan ocks\u00e5 ha en omv\u00e4xlande pigmentering och har ofta en diameter som \u00e4r st\u00f6rre en 5mm.<\/p>\n<p><a href=\"http:\/\/blogg.improveme.se\/marieoddsson\/files\/2016\/05\/IMG_31181.jpg\"><img loading=\"lazy\" decoding=\"async\" class=\"aligncenter size-large wp-image-1828\" src=\"http:\/\/blogg.improveme.se\/marieoddsson\/files\/2016\/05\/IMG_31181-755x566.jpg\" alt=\"IMG_3118[1]\" width=\"755\" height=\"566\" srcset=\"https:\/\/blogg.improveme.se\/marieoddsson\/files\/2016\/05\/IMG_31181-755x566.jpg 755w, https:\/\/blogg.improveme.se\/marieoddsson\/files\/2016\/05\/IMG_31181-300x225.jpg 300w, https:\/\/blogg.improveme.se\/marieoddsson\/files\/2016\/05\/IMG_31181.jpg 1624w\" sizes=\"auto, (max-width: 755px) 100vw, 755px\" \/><\/a><\/p>\n<p>Detta kan vara ett tecken p\u00e5 \u00f6kad risk f\u00f6r melanom. Detta g\u00f6r mig lite nojig, d\u00e5 jag inte har n\u00e5gon st\u00e5ende tid l\u00e4ngre hos en hudl\u00e4kare.<br \/>\nMan uppmanas att ha koll p\u00e5 sina \u201dfl\u00e4ckar\u201d, vilket kan vara l\u00e4ttare sagt en gjort. T\u00e4nker d\u00e5 p\u00e5 pigmentf\u00f6r\u00e4ndringar som sitter ex. p\u00e5 ryggen. Sen \u00e4r det sv\u00e5rt att f\u00e5 tid hos en hudl\u00e4kare om man skulle vilja kolla upp sina f\u00f6r\u00e4ndringar.<br \/>\nSom tur \u00e4r s\u00e5 \u00e4r chansen att bli botad b\u00e4ttre i dag. I dag r\u00e4knar man med att 85-90 procent av alla som f\u00e5r diagnosen hudmelanom blir botad genom kirurgisk behandling. Det \u00e4r dock mycket viktigt att man kollar sig sj\u00e4lv lite d\u00e5 och d\u00e5.<\/p>\n<p>ses i morgon<\/p>\n","protected":false},"excerpt":{"rendered":"<p>Nu n\u00e4r vi g\u00e5r mot ljusare tider s\u00e5 \u00e4r det viktigt att t\u00e4nka p\u00e5 hur mycket tid du vistas i solen och p\u00e5 vilket s\u00e4tt. Eftersom hudmelanom fortfarande \u00f6kar i v\u00e5rt lands s\u00e5 verkar det inte som om informationen riktigt har g\u00e5t fram. Sj\u00e4lv har jag s\u00e5 kallade dysplastiska nevi, eller inte. Har g\u00e5tt i &#8230; <a title=\"Hudmelanom\" class=\"read-more\" href=\"https:\/\/blogg.improveme.se\/marieoddsson\/2016\/05\/30\/hudmelanom\/\" aria-label=\"L\u00e4s mer om Hudmelanom\">L\u00e4s mer<\/a><\/p>\n","protected":false},"author":9656,"featured_media":0,"comment_status":"open","ping_status":"open","sticky":false,"template":"","format":"standard","meta":{"footnotes":""},"categories":[338,83],"tags":[428,427],"class_list":["post-1829","post","type-post","status-publish","format-standard","hentry","category-halsa-2","category-sol","tag-hudforandringar","tag-melanom"],"_links":{"self":[{"href":"https:\/\/blogg.improveme.se\/marieoddsson\/wp-json\/wp\/v2\/posts\/1829","targetHints":{"allow":["GET"]}}],"collection":[{"href":"https:\/\/blogg.improveme.se\/marieoddsson\/wp-json\/wp\/v2\/posts"}],"about":[{"href":"https:\/\/blogg.improveme.se\/marieoddsson\/wp-json\/wp\/v2\/types\/post"}],"author":[{"embeddable":true,"href":"https:\/\/blogg.improveme.se\/marieoddsson\/wp-json\/wp\/v2\/users\/9656"}],"replies":[{"embeddable":true,"href":"https:\/\/blogg.improveme.se\/marieoddsson\/wp-json\/wp\/v2\/comments?post=1829"}],"version-history":[{"count":0,"href":"https:\/\/blogg.improveme.se\/marieoddsson\/wp-json\/wp\/v2\/posts\/1829\/revisions"}],"wp:attachment":[{"href":"https:\/\/blogg.improveme.se\/marieoddsson\/wp-json\/wp\/v2\/media?parent=1829"}],"wp:term":[{"taxonomy":"category","embeddable":true,"href":"https:\/\/blogg.improveme.se\/marieoddsson\/wp-json\/wp\/v2\/categories?post=1829"},{"taxonomy":"post_tag","embeddable":true,"href":"https:\/\/blogg.improveme.se\/marieoddsson\/wp-json\/wp\/v2\/tags?post=1829"}],"curies":[{"name":"wp","href":"https:\/\/api.w.org\/{rel}","templated":true}]}}