{"id":1859,"date":"2016-06-10T10:55:26","date_gmt":"2016-06-10T08:55:26","guid":{"rendered":"http:\/\/blogg.improveme.se\/marieoddsson\/?p=1859"},"modified":"2016-06-10T10:55:26","modified_gmt":"2016-06-10T08:55:26","slug":"har-eller-inte-har","status":"publish","type":"post","link":"https:\/\/blogg.improveme.se\/marieoddsson\/2016\/06\/10\/har-eller-inte-har\/","title":{"rendered":"H\u00e5r eller inte h\u00e5r"},"content":{"rendered":"<p>Kan inte l\u00e5ta bli att le lite n\u00e4r jag ser dagens teckning fr\u00e5n Lilla Berlin i Metro. \u00d6verskriften lyder, \u201dDen naturliga looken\u201d och p\u00e5 bilden finns en tecknad tjej i bikini. Hett diskussionsomr\u00e5de om h\u00e5rets vara eller icke vara och fram f\u00f6r allt d\u00e5 p\u00e5 vilka st\u00e4llen. F\u00f6r vissa st\u00e4llen anses vara helt r\u00e4tt att ha h\u00e5r s\u00e5 som huvudet och \u00f6gonbrynen (om det \u00e4r p\u00e5 r\u00e4tt st\u00e4llen). Andra st\u00e4llen kan vara betydligt mer k\u00e4nsligt att ha h\u00e5r p\u00e5, \u00e4ven om vi \u00e4r skapta att ha h\u00e5r p\u00e5 dessa st\u00e4llen. H\u00e4r skall ocks\u00e5 till\u00e4ggas att det beror p\u00e5 var man bor\u00a0 p\u00e5 moder jord. Men h\u00e4r i Sverige s\u00e5 \u00e4r vi nog ganska maniska p\u00e5 att ta bort h\u00e5r p\u00e5 \u201dfel\u201d st\u00e4llen. Det vill s\u00e4ga ansiktsh\u00e5r (mustasch, sk\u00e4gg), f\u00f6r mycket bryn, br\u00f6st, dekolletage, armh\u00e5lor, bikinilinjen, ibland allt h\u00e5r i intimregionerna, magh\u00e5r, fingerh\u00e5r, benh\u00e5r och t\u00e5h\u00e5r. Det blir mycket h\u00e5r det!<\/p>\n<p><a href=\"http:\/\/blogg.improveme.se\/marieoddsson\/files\/2016\/06\/IMG_32671-e1465548608189.jpg\"><img loading=\"lazy\" decoding=\"async\" class=\"aligncenter size-large wp-image-1858\" src=\"http:\/\/blogg.improveme.se\/marieoddsson\/files\/2016\/06\/IMG_32671-e1465548581225-755x1006.jpg\" alt=\"IMG_3267[1]\" width=\"755\" height=\"1006\" \/><\/a><br \/>\nSj\u00e4lvklart g\u00f6r man som man sj\u00e4lv vill med de olika st\u00e4llarna p\u00e5 kroppen. Man beh\u00f6ver inte ta bort allt h\u00e5r, man beh\u00f6ver faktiskt inte ta bort n\u00e5got h\u00e5r alls om man inte sj\u00e4lv vill. Vissa v\u00e4ljer det alternativet och kan d\u00e5 bli kritiserade f\u00f6r detta. T\u00e4nker p\u00e5 henne i melodifestivalen som lyfte p\u00e5 armen och vinkade i direkts\u00e4ndning, varav hennes armh\u00e5la visade sig vara orakad. Det blev en riktig snackis!!!<br \/>\nSen f\u00e5r vi inte gl\u00f6mma de som inte har n\u00e5got h\u00e5r alls, eller bara fl\u00e4ckvis. Eller de som tappar mycket h\u00e5r och \u00e4r j\u00e4tte stressade f\u00f6r just de.<br \/>\nF\u00f6r mycket eller f\u00f6r lite h\u00e5r, det \u00e4r fr\u00e5gan?<br \/>\nJag blir i alla fall glad av dagen Lilla Berlin, som illustrerar den naturliga looken. Sj\u00e4lv har jag inte s\u00e5 mycket h\u00e5r efter \u00e5r av vaxning p\u00e5 t.ex. mina ben. Som sagt hoppas att alla g\u00f6r vad de vill med sitt h\u00e5r i sommar. L\u00e5ter det vara kvar eller ta bort det, man kan alltid f\u00e5 hj\u00e4lp av oss auktoriserade hudterapeuter om man \u00f6nskar.<br \/>\nTrevlig helg!<\/p>\n","protected":false},"excerpt":{"rendered":"<p>Kan inte l\u00e5ta bli att le lite n\u00e4r jag ser dagens teckning fr\u00e5n Lilla Berlin i Metro. \u00d6verskriften lyder, \u201dDen naturliga looken\u201d och p\u00e5 bilden finns en tecknad tjej i bikini. Hett diskussionsomr\u00e5de om h\u00e5rets vara eller icke vara och fram f\u00f6r allt d\u00e5 p\u00e5 vilka st\u00e4llen. F\u00f6r vissa st\u00e4llen anses vara helt r\u00e4tt att &#8230; <a title=\"H\u00e5r eller inte h\u00e5r\" class=\"read-more\" href=\"https:\/\/blogg.improveme.se\/marieoddsson\/2016\/06\/10\/har-eller-inte-har\/\" aria-label=\"L\u00e4s mer om H\u00e5r eller inte h\u00e5r\">L\u00e4s mer<\/a><\/p>\n","protected":false},"author":9656,"featured_media":0,"comment_status":"open","ping_status":"open","sticky":false,"template":"","format":"standard","meta":{"footnotes":""},"categories":[338,29],"tags":[412,142,433,9],"class_list":["post-1859","post","type-post","status-publish","format-standard","hentry","category-halsa-2","category-hudvard","tag-auktoriserad-hudterapeut","tag-har","tag-lilla-berlin","tag-shr"],"_links":{"self":[{"href":"https:\/\/blogg.improveme.se\/marieoddsson\/wp-json\/wp\/v2\/posts\/1859","targetHints":{"allow":["GET"]}}],"collection":[{"href":"https:\/\/blogg.improveme.se\/marieoddsson\/wp-json\/wp\/v2\/posts"}],"about":[{"href":"https:\/\/blogg.improveme.se\/marieoddsson\/wp-json\/wp\/v2\/types\/post"}],"author":[{"embeddable":true,"href":"https:\/\/blogg.improveme.se\/marieoddsson\/wp-json\/wp\/v2\/users\/9656"}],"replies":[{"embeddable":true,"href":"https:\/\/blogg.improveme.se\/marieoddsson\/wp-json\/wp\/v2\/comments?post=1859"}],"version-history":[{"count":0,"href":"https:\/\/blogg.improveme.se\/marieoddsson\/wp-json\/wp\/v2\/posts\/1859\/revisions"}],"wp:attachment":[{"href":"https:\/\/blogg.improveme.se\/marieoddsson\/wp-json\/wp\/v2\/media?parent=1859"}],"wp:term":[{"taxonomy":"category","embeddable":true,"href":"https:\/\/blogg.improveme.se\/marieoddsson\/wp-json\/wp\/v2\/categories?post=1859"},{"taxonomy":"post_tag","embeddable":true,"href":"https:\/\/blogg.improveme.se\/marieoddsson\/wp-json\/wp\/v2\/tags?post=1859"}],"curies":[{"name":"wp","href":"https:\/\/api.w.org\/{rel}","templated":true}]}}