{"id":1863,"date":"2016-06-20T09:33:31","date_gmt":"2016-06-20T07:33:31","guid":{"rendered":"http:\/\/blogg.improveme.se\/marieoddsson\/?p=1863"},"modified":"2016-06-10T11:29:34","modified_gmt":"2016-06-10T09:29:34","slug":"till-spanien","status":"publish","type":"post","link":"https:\/\/blogg.improveme.se\/marieoddsson\/2016\/06\/20\/till-spanien\/","title":{"rendered":"Till Spanien"},"content":{"rendered":"<p>D\u00e5 b\u00e4r det av till Spanien igen, mer exakt till Malaga. Skall fira midsommar med goda v\u00e4nner, ska bli s\u00e5 roligt, sk\u00f6nt, avkopplande och f\u00f6rhoppningsvis lite bara vara tid. Vi bor inte p\u00e5 hotell mitt i stan den h\u00e4r g\u00e5ngen utan vi skall bo i ett hus uppe i bergen.<\/p>\n<p><a href=\"http:\/\/blogg.improveme.se\/marieoddsson\/files\/2016\/06\/IMG_02781-e1465549866799.jpg\"><img loading=\"lazy\" decoding=\"async\" class=\"aligncenter size-large wp-image-1862\" src=\"http:\/\/blogg.improveme.se\/marieoddsson\/files\/2016\/06\/IMG_02781-755x566.jpg\" alt=\"IMG_0278[1]\" width=\"755\" height=\"566\" \/><\/a><br \/>\nDet skall bli annorlunda och jag vill tro att vi kommer att f\u00e5 mer \u201dretreat\u201d p\u00e5 det s\u00e4ttet. Grilla utomhus, bada i poolen, komma och g\u00e5 som vi sj\u00e4lv behagar utan att ta h\u00e4nsyn till alla andra p\u00e5 beachen. Vill vi s\u00e5 tar vi bilen till stranden och fr\u00f6jdar oss med alla andra. Men just nu s\u00e5 skall det blir riktigt sk\u00f6nt att just slippa \u201dalla andra\u201d. Sen var det de d\u00e4r med att f\u00e5 lagom med sol, inte f\u00f6r mycket och inte f\u00f6r l\u00e4nge. D\u00e5 \u00e4r det bra om man har tillg\u00e5ng till n\u00e5gon form av skugga att s\u00e4tta eller l\u00e4gga sig i och sj\u00e4lvklart n\u00e5gon form av SPF.<br \/>\nSes i morgon<\/p>\n","protected":false},"excerpt":{"rendered":"<p>D\u00e5 b\u00e4r det av till Spanien igen, mer exakt till Malaga. Skall fira midsommar med goda v\u00e4nner, ska bli s\u00e5 roligt, sk\u00f6nt, avkopplande och f\u00f6rhoppningsvis lite bara vara tid. Vi bor inte p\u00e5 hotell mitt i stan den h\u00e4r g\u00e5ngen utan vi skall bo i ett hus uppe i bergen. Det skall bli annorlunda och &#8230; <a title=\"Till Spanien\" class=\"read-more\" href=\"https:\/\/blogg.improveme.se\/marieoddsson\/2016\/06\/20\/till-spanien\/\" aria-label=\"L\u00e4s mer om Till Spanien\">L\u00e4s mer<\/a><\/p>\n","protected":false},"author":9656,"featured_media":0,"comment_status":"open","ping_status":"open","sticky":false,"template":"","format":"standard","meta":{"footnotes":""},"categories":[330,338,29],"tags":[180,434],"class_list":["post-1863","post","type-post","status-publish","format-standard","hentry","category-bad","category-halsa-2","category-hudvard","tag-malaga","tag-spanien"],"_links":{"self":[{"href":"https:\/\/blogg.improveme.se\/marieoddsson\/wp-json\/wp\/v2\/posts\/1863","targetHints":{"allow":["GET"]}}],"collection":[{"href":"https:\/\/blogg.improveme.se\/marieoddsson\/wp-json\/wp\/v2\/posts"}],"about":[{"href":"https:\/\/blogg.improveme.se\/marieoddsson\/wp-json\/wp\/v2\/types\/post"}],"author":[{"embeddable":true,"href":"https:\/\/blogg.improveme.se\/marieoddsson\/wp-json\/wp\/v2\/users\/9656"}],"replies":[{"embeddable":true,"href":"https:\/\/blogg.improveme.se\/marieoddsson\/wp-json\/wp\/v2\/comments?post=1863"}],"version-history":[{"count":0,"href":"https:\/\/blogg.improveme.se\/marieoddsson\/wp-json\/wp\/v2\/posts\/1863\/revisions"}],"wp:attachment":[{"href":"https:\/\/blogg.improveme.se\/marieoddsson\/wp-json\/wp\/v2\/media?parent=1863"}],"wp:term":[{"taxonomy":"category","embeddable":true,"href":"https:\/\/blogg.improveme.se\/marieoddsson\/wp-json\/wp\/v2\/categories?post=1863"},{"taxonomy":"post_tag","embeddable":true,"href":"https:\/\/blogg.improveme.se\/marieoddsson\/wp-json\/wp\/v2\/tags?post=1863"}],"curies":[{"name":"wp","href":"https:\/\/api.w.org\/{rel}","templated":true}]}}