{"id":1872,"date":"2016-06-24T09:33:37","date_gmt":"2016-06-24T07:33:37","guid":{"rendered":"http:\/\/blogg.improveme.se\/marieoddsson\/?p=1872"},"modified":"2016-06-13T11:02:20","modified_gmt":"2016-06-13T09:02:20","slug":"aldern-ar-bara-en-siffra","status":"publish","type":"post","link":"https:\/\/blogg.improveme.se\/marieoddsson\/2016\/06\/24\/aldern-ar-bara-en-siffra\/","title":{"rendered":"\u00c5ldern \u00e4r bara en siffra"},"content":{"rendered":"<p>K\u00e4nner mig lite tr\u00e5kig och fyrkantig i min kl\u00e4dstil, sen har jag lite \u00e5sikter om vad som passar mig och inte passar mig (d\u00e4rmed inte sagt att andra kvinnor kan b\u00e4ra vad de vill). D\u00e4rf\u00f6r blev glad n\u00e4r jag l\u00e4ste detta inl\u00e4gg av Iris Apfel. Hon hade p\u00e5 sin FB timeline f\u00e5tt en artikel fr\u00e5n en v\u00e4n i sin tur. Den handlade om 24 saker som du skall sluta\u00a0kl\u00e4 p\u00e5 dig\/ anv\u00e4nda efter trettio. Hon p\u00e5pekar att alla som l\u00e4st denna \u201dartikel\u201d h\u00e4pnade \u00f6ver den. H\u00e4r st\u00e5r att kvinnor \u00f6ver 30 \u00e5r inte b\u00f6r b\u00e4ra plagg som \u00e4r leopardm\u00f6nstrade, grafiskt uppseendev\u00e4ckande eller f\u00f6r korta kl\u00e4nningar eller kjolar. (f\u00f6r att vid en \u00e5lder av trettio s\u00e5 b\u00f6r kvinnan veta att det \u00e4r b\u00e4ttre att l\u00e4mna lite till fantasin). Kallie som har skrivit \u201dartikeln\u201d har tydligen en m\u00e4ngd \u00e5sikter om vad en kvinna \u00f6ver 30 b\u00f6r ha p\u00e5 sig, inte b\u00f6r \u00e4ga samt lagt ut 20 olika bilder p\u00e5 hur kvinnor \u00f6ver 30 inte b\u00f6r posera online.<br \/>\nSj\u00e4lvklart s\u00e5 gick Iris i taket och har nu gjort sin egen lista p\u00e5 24 kl\u00e4desplagg en kvinna \u00f6ver 30 b\u00f6r ha p\u00e5 sig, med underskriften -Whatever the fuck they want!-, under varje bild.<\/p>\n<p><a href=\"http:\/\/blogg.improveme.se\/marieoddsson\/files\/2016\/06\/IMG_32661-e1465549245660.jpg\"><img loading=\"lazy\" decoding=\"async\" class=\"aligncenter size-large wp-image-1861\" src=\"http:\/\/blogg.improveme.se\/marieoddsson\/files\/2016\/06\/IMG_32661-755x566.jpg\" alt=\"IMG_3266[1]\" width=\"755\" height=\"566\" \/><\/a><br \/>\nSj\u00e4lv kan jag bara h\u00e5lla med denna f\u00e4rgstarka kvinna, sj\u00e4lvklart f\u00e5r man ha p\u00e5 sig precis vad man vill. F\u00f6r livet har knappt b\u00f6rjat vid 30 \u00e5rs \u00e5lder! S\u00e5 n\u00e4r jag fastnar i min tr\u00e5kiga stil s\u00e5 bes\u00f6ker jag en klok (snygg, sn\u00e4ll, vacker och mer d\u00e4rtill) v\u00e4ninna som har kl\u00e4dbutiker i stan, Thernunds. Hon ger mig goda r\u00e5d, kan plocka fram s\u00e5dant som jag sj\u00e4lv aldrig skulle titta p\u00e5, f\u00e5 plagg att se annorlunda ut med sm\u00e5 medel. Fram f\u00f6r allt s\u00e5 f\u00e5r hon f\u00e5 plagg att k\u00e4nnas som en hel garderob. Och jag ger henne r\u00e5d hur hon skall sk\u00f6ta om sin hud p\u00e5 b\u00e4sta s\u00e4tt.<br \/>\nS\u00e5 hurra f\u00f6r f\u00e4rgstarka modiga och sj\u00e4lvst\u00e4ndiga kvinnor! och du gl\u00f6m inte solskydd i helgen.<br \/>\nTrevlig helg.<\/p>\n","protected":false},"excerpt":{"rendered":"<p>K\u00e4nner mig lite tr\u00e5kig och fyrkantig i min kl\u00e4dstil, sen har jag lite \u00e5sikter om vad som passar mig och inte passar mig (d\u00e4rmed inte sagt att andra kvinnor kan b\u00e4ra vad de vill). D\u00e4rf\u00f6r blev glad n\u00e4r jag l\u00e4ste detta inl\u00e4gg av Iris Apfel. Hon hade p\u00e5 sin FB timeline f\u00e5tt en artikel fr\u00e5n &#8230; <a title=\"\u00c5ldern \u00e4r bara en siffra\" class=\"read-more\" href=\"https:\/\/blogg.improveme.se\/marieoddsson\/2016\/06\/24\/aldern-ar-bara-en-siffra\/\" aria-label=\"L\u00e4s mer om \u00c5ldern \u00e4r bara en siffra\">L\u00e4s mer<\/a><\/p>\n","protected":false},"author":9656,"featured_media":0,"comment_status":"open","ping_status":"open","sticky":false,"template":"","format":"standard","meta":{"footnotes":""},"categories":[338],"tags":[439,438,361],"class_list":["post-1872","post","type-post","status-publish","format-standard","hentry","category-halsa-2","tag-alder","tag-klader","tag-thernlunds"],"_links":{"self":[{"href":"https:\/\/blogg.improveme.se\/marieoddsson\/wp-json\/wp\/v2\/posts\/1872","targetHints":{"allow":["GET"]}}],"collection":[{"href":"https:\/\/blogg.improveme.se\/marieoddsson\/wp-json\/wp\/v2\/posts"}],"about":[{"href":"https:\/\/blogg.improveme.se\/marieoddsson\/wp-json\/wp\/v2\/types\/post"}],"author":[{"embeddable":true,"href":"https:\/\/blogg.improveme.se\/marieoddsson\/wp-json\/wp\/v2\/users\/9656"}],"replies":[{"embeddable":true,"href":"https:\/\/blogg.improveme.se\/marieoddsson\/wp-json\/wp\/v2\/comments?post=1872"}],"version-history":[{"count":0,"href":"https:\/\/blogg.improveme.se\/marieoddsson\/wp-json\/wp\/v2\/posts\/1872\/revisions"}],"wp:attachment":[{"href":"https:\/\/blogg.improveme.se\/marieoddsson\/wp-json\/wp\/v2\/media?parent=1872"}],"wp:term":[{"taxonomy":"category","embeddable":true,"href":"https:\/\/blogg.improveme.se\/marieoddsson\/wp-json\/wp\/v2\/categories?post=1872"},{"taxonomy":"post_tag","embeddable":true,"href":"https:\/\/blogg.improveme.se\/marieoddsson\/wp-json\/wp\/v2\/tags?post=1872"}],"curies":[{"name":"wp","href":"https:\/\/api.w.org\/{rel}","templated":true}]}}