{"id":1877,"date":"2016-06-14T11:27:38","date_gmt":"2016-06-14T09:27:38","guid":{"rendered":"http:\/\/blogg.improveme.se\/marieoddsson\/?p=1877"},"modified":"2016-06-14T11:27:38","modified_gmt":"2016-06-14T09:27:38","slug":"min-morgon-rutin-under-sommaren","status":"publish","type":"post","link":"https:\/\/blogg.improveme.se\/marieoddsson\/2016\/06\/14\/min-morgon-rutin-under-sommaren\/","title":{"rendered":"Min morgon rutin under sommaren"},"content":{"rendered":"<p>Nu n\u00e4r sommaren har b\u00f6rjat s\u00e5 \u00e4r det viktigt att du t\u00e4nker p\u00e5 vad du har f\u00f6r sorts kr\u00e4m i ansiktet. Sj\u00e4lvklart ocks\u00e5 beroende p\u00e5 vad du \u00e4r, p\u00e5 kontoret eller ute under bar himmel. De flesta kr\u00e4mer som \u00e4r aktiva b\u00f6r man inte ha i solen, det blir lite plus minus noll. Jabushe \u00e4r en kr\u00e4m som ocks\u00e5 jobbar med en solskadad hud och bleker pigmentf\u00f6r\u00e4ndringar. S\u00e5 det blir lite som att kasta pengarna i sj\u00f6n, om ni f\u00f6rst\u00e5r vad jag menar. S\u00e5 nu p\u00e5 sommaren n\u00e4r jag arbetar s\u00e5 anv\u00e4nder jag Jabushe Original, \u00f6ver har jag en Foundation med SPF. M\u00e5nga av de Foundations som finns p\u00e5 marknaden i dag har n\u00e5gon form av solskydd i sig.<\/p>\n<p><a href=\"http:\/\/blogg.improveme.se\/marieoddsson\/files\/2016\/06\/packshot_jabushe_original_new-e1465896209119.jpg\"><img loading=\"lazy\" decoding=\"async\" class=\"aligncenter size-large wp-image-1875\" src=\"http:\/\/blogg.improveme.se\/marieoddsson\/files\/2016\/06\/packshot_jabushe_original_new-755x1208.jpg\" alt=\"packshot_jabushe_original_new\" width=\"755\" height=\"1208\" \/><\/a><br \/>\nN\u00e4r jag \u00e4r ledig och vill \u00e5ka till stranden s\u00e5 v\u00e4ljer jag att ha SPF 30\/50 \u00f6ver min Jabushe kr\u00e4m. En riktigt varm dag (\u00e4ven n\u00e4r jag \u00e5ker utomlands) s\u00e5 v\u00e4ljer jag att bara ha solskydd under dagtid. Tycker att det \u00e4r sv\u00e5rt att ha b\u00e5de ansiktskr\u00e4m och solskydd i ansiktet d\u00e5 det blir varmare, allt liksom bara flyter ihop. D\u00e4remot s\u00e5 anv\u00e4nder jag Jabushe Original p\u00e5 kv\u00e4llen igen, f\u00f6r att forts\u00e4tta aktivera min hud. \u00d6verlag s\u00e5 b\u00f6r detta g\u00e4lla \u00e4ven andra \u201daktiva\/anti-age\u201d kr\u00e4mer. D\u00e5 f\u00e5r jag det b\u00e4sta av tv\u00e5 v\u00e4rldar.<br \/>\nSes i morgon<\/p>\n","protected":false},"excerpt":{"rendered":"<p>Nu n\u00e4r sommaren har b\u00f6rjat s\u00e5 \u00e4r det viktigt att du t\u00e4nker p\u00e5 vad du har f\u00f6r sorts kr\u00e4m i ansiktet. Sj\u00e4lvklart ocks\u00e5 beroende p\u00e5 vad du \u00e4r, p\u00e5 kontoret eller ute under bar himmel. De flesta kr\u00e4mer som \u00e4r aktiva b\u00f6r man inte ha i solen, det blir lite plus minus noll. Jabushe \u00e4r &#8230; <a title=\"Min morgon rutin under sommaren\" class=\"read-more\" href=\"https:\/\/blogg.improveme.se\/marieoddsson\/2016\/06\/14\/min-morgon-rutin-under-sommaren\/\" aria-label=\"L\u00e4s mer om Min morgon rutin under sommaren\">L\u00e4s mer<\/a><\/p>\n","protected":false},"author":9656,"featured_media":0,"comment_status":"open","ping_status":"open","sticky":false,"template":"","format":"standard","meta":{"footnotes":""},"categories":[338,29,83],"tags":[199,388,290,194,89],"class_list":["post-1877","post","type-post","status-publish","format-standard","hentry","category-halsa-2","category-hudvard","category-sol","tag-anti-age","tag-jabuseh","tag-jabushe-original","tag-solskydd","tag-spf"],"_links":{"self":[{"href":"https:\/\/blogg.improveme.se\/marieoddsson\/wp-json\/wp\/v2\/posts\/1877","targetHints":{"allow":["GET"]}}],"collection":[{"href":"https:\/\/blogg.improveme.se\/marieoddsson\/wp-json\/wp\/v2\/posts"}],"about":[{"href":"https:\/\/blogg.improveme.se\/marieoddsson\/wp-json\/wp\/v2\/types\/post"}],"author":[{"embeddable":true,"href":"https:\/\/blogg.improveme.se\/marieoddsson\/wp-json\/wp\/v2\/users\/9656"}],"replies":[{"embeddable":true,"href":"https:\/\/blogg.improveme.se\/marieoddsson\/wp-json\/wp\/v2\/comments?post=1877"}],"version-history":[{"count":0,"href":"https:\/\/blogg.improveme.se\/marieoddsson\/wp-json\/wp\/v2\/posts\/1877\/revisions"}],"wp:attachment":[{"href":"https:\/\/blogg.improveme.se\/marieoddsson\/wp-json\/wp\/v2\/media?parent=1877"}],"wp:term":[{"taxonomy":"category","embeddable":true,"href":"https:\/\/blogg.improveme.se\/marieoddsson\/wp-json\/wp\/v2\/categories?post=1877"},{"taxonomy":"post_tag","embeddable":true,"href":"https:\/\/blogg.improveme.se\/marieoddsson\/wp-json\/wp\/v2\/tags?post=1877"}],"curies":[{"name":"wp","href":"https:\/\/api.w.org\/{rel}","templated":true}]}}