{"id":1883,"date":"2016-06-15T13:51:50","date_gmt":"2016-06-15T11:51:50","guid":{"rendered":"http:\/\/blogg.improveme.se\/marieoddsson\/?p=1883"},"modified":"2016-06-15T13:52:55","modified_gmt":"2016-06-15T11:52:55","slug":"melasma-och-kloasma","status":"publish","type":"post","link":"https:\/\/blogg.improveme.se\/marieoddsson\/2016\/06\/15\/melasma-och-kloasma\/","title":{"rendered":"Melasma och kloasma"},"content":{"rendered":"<p>S\u00e5 h\u00e4rligt att solen \u00e4r framme igen, \u00f6nskar att den kunde vara det fr\u00e5n maj till september. N\u00e5ja, solen har sina baksidor ocks\u00e5 bland annat d\u00e5 olika typer av pigmentf\u00f6r\u00e4ndringar. Melasma och kloasma \u00e4r \u201dfl\u00e4ckar\u201d som ofta \u00e4r lokaliserade till pannan, kinderna, \u00f6verl\u00e4ppen och tinningsregionen. Ofta uppkommer det i samband med graviditet men kan \u00e4ven framkallas av p-piller som inneh\u00e5ller \u00f6strogen.<br \/>\nOfta s\u00e5 \u00e5terkommer dessa fl\u00e4ckar p\u00e5 v\u00e5ren\/sommaren d\u00e5 vi uts\u00e4tts f\u00f6r lite mer sol, f\u00f6r att avta, n\u00e4stan f\u00f6rsvinna under vintertid. D\u00e4rf\u00f6r \u00e4r det\u00a0\u00e4n bra ide att anv\u00e4nda solskyddsfaktor och\/eller keps hatt.<\/p>\n<p><a href=\"http:\/\/blogg.improveme.se\/marieoddsson\/files\/2016\/06\/IMG_25911-e1465991237668.jpg\"><img loading=\"lazy\" decoding=\"async\" class=\"aligncenter size-large wp-image-1882\" src=\"http:\/\/blogg.improveme.se\/marieoddsson\/files\/2016\/06\/IMG_25911-755x566.jpg\" alt=\"IMG_2591[1]\" width=\"755\" height=\"566\" \/><\/a><\/p>\n<p>Som Harry Beitner skriver i sin bok \u201dHud praktika f\u00f6r allm\u00e4nl\u00e4kare\u201d s\u00e5 \u00e4r m\u00f6rkhyade sv\u00e5rare att behandla och kr\u00e4ver m\u00e5nga g\u00e5nger behandlingar men en kombination av vitamin A-syra, hydrokortison och hydrokinon. Hydrokinon \u00e4r i dag f\u00f6rbjudet i kr\u00e4mer om det inte \u00e4r receptbelagt. Trots det s\u00e5 finns det p\u00e5 marknaden att f\u00e5 tag i och fram f\u00f6r allt s\u00e5 \u00e4r det m\u00e5nga p\u00e5 sydligare kontinenter som bleker sin hud med detta \u00e4mne som d\u00e5 kan ha biverkningar.<br \/>\nEtt annat s\u00e4tt \u00e4r Fractionallaser som \u00e4r FDA godk\u00e4nd f\u00f6r behandling av melasma vilket inneb\u00e4r att den ger mer eller mindre synliga resultat, det slutgiltiga resultatet \u00e4r sv\u00e5rt att garantera.<br \/>\nSom vanligt s\u00e5 \u00e4r det viktigt att vad du \u00e4n g\u00f6r f\u00f6r behandling f\u00f6r att ta bort olika pigmentf\u00f6r\u00e4ndringar s\u00e5 ska du skydda din hud efter\u00e5t med en SPF. Huden \u00e4r nu ytterligare lite k\u00e4nsligare p\u00e5 dessa omr\u00e5den d\u00e5 du tagit bort den \u201dgamla huden\u201d.<br \/>\nS\u00e5 som vanligt, sunt f\u00f6rnuft n\u00e4r du vistas i solen, och skuggan \u00e4r ocks\u00e5 ett ypperligt allternativ.<br \/>\nSes i morgon<\/p>\n","protected":false},"excerpt":{"rendered":"<p>S\u00e5 h\u00e4rligt att solen \u00e4r framme igen, \u00f6nskar att den kunde vara det fr\u00e5n maj till september. N\u00e5ja, solen har sina baksidor ocks\u00e5 bland annat d\u00e5 olika typer av pigmentf\u00f6r\u00e4ndringar. Melasma och kloasma \u00e4r \u201dfl\u00e4ckar\u201d som ofta \u00e4r lokaliserade till pannan, kinderna, \u00f6verl\u00e4ppen och tinningsregionen. Ofta uppkommer det i samband med graviditet men kan \u00e4ven &#8230; <a title=\"Melasma och kloasma\" class=\"read-more\" href=\"https:\/\/blogg.improveme.se\/marieoddsson\/2016\/06\/15\/melasma-och-kloasma\/\" aria-label=\"L\u00e4s mer om Melasma och kloasma\">L\u00e4s mer<\/a><\/p>\n","protected":false},"author":9656,"featured_media":0,"comment_status":"open","ping_status":"open","sticky":false,"template":"","format":"standard","meta":{"footnotes":""},"categories":[338,29,83],"tags":[445,444,446],"class_list":["post-1883","post","type-post","status-publish","format-standard","hentry","category-halsa-2","category-hudvard","category-sol","tag-kloasma","tag-melasma","tag-pigment"],"_links":{"self":[{"href":"https:\/\/blogg.improveme.se\/marieoddsson\/wp-json\/wp\/v2\/posts\/1883","targetHints":{"allow":["GET"]}}],"collection":[{"href":"https:\/\/blogg.improveme.se\/marieoddsson\/wp-json\/wp\/v2\/posts"}],"about":[{"href":"https:\/\/blogg.improveme.se\/marieoddsson\/wp-json\/wp\/v2\/types\/post"}],"author":[{"embeddable":true,"href":"https:\/\/blogg.improveme.se\/marieoddsson\/wp-json\/wp\/v2\/users\/9656"}],"replies":[{"embeddable":true,"href":"https:\/\/blogg.improveme.se\/marieoddsson\/wp-json\/wp\/v2\/comments?post=1883"}],"version-history":[{"count":0,"href":"https:\/\/blogg.improveme.se\/marieoddsson\/wp-json\/wp\/v2\/posts\/1883\/revisions"}],"wp:attachment":[{"href":"https:\/\/blogg.improveme.se\/marieoddsson\/wp-json\/wp\/v2\/media?parent=1883"}],"wp:term":[{"taxonomy":"category","embeddable":true,"href":"https:\/\/blogg.improveme.se\/marieoddsson\/wp-json\/wp\/v2\/categories?post=1883"},{"taxonomy":"post_tag","embeddable":true,"href":"https:\/\/blogg.improveme.se\/marieoddsson\/wp-json\/wp\/v2\/tags?post=1883"}],"curies":[{"name":"wp","href":"https:\/\/api.w.org\/{rel}","templated":true}]}}