{"id":1899,"date":"2016-06-28T11:29:24","date_gmt":"2016-06-28T09:29:24","guid":{"rendered":"http:\/\/blogg.improveme.se\/marieoddsson\/?p=1899"},"modified":"2016-06-28T11:29:24","modified_gmt":"2016-06-28T09:29:24","slug":"tidning-i-brevladan","status":"publish","type":"post","link":"https:\/\/blogg.improveme.se\/marieoddsson\/2016\/06\/28\/tidning-i-brevladan\/","title":{"rendered":"Tidning i brevl\u00e5dan"},"content":{"rendered":"<p>Hade f\u00e5tt tidningen Kosmetik i brevl\u00e5dan n\u00e4r jag kom hem fr\u00e5n Spanien. Inser att den tidningen g\u00f6r att jag f\u00e5r ett omg\u00e5ende ha beg\u00e4r, p\u00e5 massor av produkter och behandlingar. Alla nya dofter, kr\u00e4mer, make-up produkter bara sk\u00f6ljer \u00f6ver mig n\u00e4r jag bl\u00e4ddrar mig fram i tidningen. Vill ha, vill ha vill ha, hur mycket beh\u00f6ver man? Dessutom har tidningen flera b\u00e5de korta och l\u00e5nga reportage som \u00e4r intressanta. T\u00e4nk s\u00e5 m\u00e5nga kreativa m\u00e4nniskor som blandar, kokar, silar, testar och allt vad de nu m\u00e5ste g\u00f6ra med de olika produkterna och i slut\u00e4ndan st\u00e5r de d\u00e4r p\u00e5 v\u00e5r hylla med en historia, fantastiskt!<\/p>\n<p><a href=\"http:\/\/blogg.improveme.se\/marieoddsson\/files\/2016\/06\/IMG_33721-e1467105912422.jpg\"><img loading=\"lazy\" decoding=\"async\" class=\"aligncenter size-large wp-image-1898\" src=\"http:\/\/blogg.improveme.se\/marieoddsson\/files\/2016\/06\/IMG_33721-755x566.jpg\" alt=\"IMG_3372[1]\" width=\"755\" height=\"566\" \/><\/a><\/p>\n<p>Framtiden kr\u00e4ver h\u00e5llbar hudv\u00e5rd och kosmetika, d\u00e4rf\u00f6r har tidningen fr\u00e5gat de olika riksdagspartierna om f\u00f6rslag p\u00e5 detta. \u00d6verlag s\u00e5 \u00e4r partierna \u00f6verens om att behovet att g\u00f6ra tillsynen b\u00e4ttre, ett m\u00e5ste. Att det \u00e4r sv\u00e5rt f\u00f6r oss konsumenter att f\u00f6rst\u00e5 inneh\u00e5llet i produkten och om det p\u00e5 n\u00e5got s\u00e4tt kan vara skadligt f\u00f6r oss eller f\u00f6r milj\u00f6n, \u00e4r vi nog alla \u00f6verens om. Ett f\u00f6rslag \u00e4r att skapa ett kemikalie-FASS f\u00f6r konsumenter. Ett annat \u00e4r att Sverige skall g\u00e5 i t\u00e4ten f\u00f6r sk\u00e4rpt kemikalielagstiftning, d\u00e5 EUs inte r\u00e4cker till. Det l\u00e5ter som om mycket arbete fram\u00f6ver, ett arbete som b\u00e5de viktigt och n\u00f6dv\u00e4ndigt f\u00f6r att v\u00e5r lilla moder jord skall orka med oss.<\/p>\n<p>Ses i morgon<\/p>\n","protected":false},"excerpt":{"rendered":"<p>Hade f\u00e5tt tidningen Kosmetik i brevl\u00e5dan n\u00e4r jag kom hem fr\u00e5n Spanien. Inser att den tidningen g\u00f6r att jag f\u00e5r ett omg\u00e5ende ha beg\u00e4r, p\u00e5 massor av produkter och behandlingar. Alla nya dofter, kr\u00e4mer, make-up produkter bara sk\u00f6ljer \u00f6ver mig n\u00e4r jag bl\u00e4ddrar mig fram i tidningen. Vill ha, vill ha vill ha, hur mycket &#8230; <a title=\"Tidning i brevl\u00e5dan\" class=\"read-more\" href=\"https:\/\/blogg.improveme.se\/marieoddsson\/2016\/06\/28\/tidning-i-brevladan\/\" aria-label=\"L\u00e4s mer om Tidning i brevl\u00e5dan\">L\u00e4s mer<\/a><\/p>\n","protected":false},"author":9656,"featured_media":0,"comment_status":"open","ping_status":"open","sticky":false,"template":"","format":"standard","meta":{"footnotes":""},"categories":[338,29],"tags":[231],"class_list":["post-1899","post","type-post","status-publish","format-standard","hentry","category-halsa-2","category-hudvard","tag-kosmetik"],"_links":{"self":[{"href":"https:\/\/blogg.improveme.se\/marieoddsson\/wp-json\/wp\/v2\/posts\/1899","targetHints":{"allow":["GET"]}}],"collection":[{"href":"https:\/\/blogg.improveme.se\/marieoddsson\/wp-json\/wp\/v2\/posts"}],"about":[{"href":"https:\/\/blogg.improveme.se\/marieoddsson\/wp-json\/wp\/v2\/types\/post"}],"author":[{"embeddable":true,"href":"https:\/\/blogg.improveme.se\/marieoddsson\/wp-json\/wp\/v2\/users\/9656"}],"replies":[{"embeddable":true,"href":"https:\/\/blogg.improveme.se\/marieoddsson\/wp-json\/wp\/v2\/comments?post=1899"}],"version-history":[{"count":0,"href":"https:\/\/blogg.improveme.se\/marieoddsson\/wp-json\/wp\/v2\/posts\/1899\/revisions"}],"wp:attachment":[{"href":"https:\/\/blogg.improveme.se\/marieoddsson\/wp-json\/wp\/v2\/media?parent=1899"}],"wp:term":[{"taxonomy":"category","embeddable":true,"href":"https:\/\/blogg.improveme.se\/marieoddsson\/wp-json\/wp\/v2\/categories?post=1899"},{"taxonomy":"post_tag","embeddable":true,"href":"https:\/\/blogg.improveme.se\/marieoddsson\/wp-json\/wp\/v2\/tags?post=1899"}],"curies":[{"name":"wp","href":"https:\/\/api.w.org\/{rel}","templated":true}]}}