{"id":1926,"date":"2016-08-01T12:35:47","date_gmt":"2016-08-01T10:35:47","guid":{"rendered":"http:\/\/blogg.improveme.se\/marieoddsson\/?p=1926"},"modified":"2016-08-01T12:36:48","modified_gmt":"2016-08-01T10:36:48","slug":"1926","status":"publish","type":"post","link":"https:\/\/blogg.improveme.se\/marieoddsson\/2016\/08\/01\/1926\/","title":{"rendered":"Semestern \u00e4r slut"},"content":{"rendered":"<p>Ja ha, d\u00e5 var man tillbaka p\u00e5 jobbet igen, lite \u00e5ngest har jag. Man v\u00e4njer sig ganska fort med att bara ta dagen som den kommer och fram f\u00f6r allt, inga tider att passa.<br \/>\nSolen ha ocks\u00e5 visar sig fr\u00e5n sin b\u00e4sta sida den h\u00e4r sommaren. Kanske lite v\u00e4l on\/off v\u00e4der sista tiden men sol och v\u00e4rme har man f\u00e5tt. Jag kan se p\u00e5 min hud att jag har f\u00e5tt f\u00f6r mycket sol genom \u00e5ren som g\u00e5tt. Den h\u00e4r g\u00e5ngen \u00e4r det alla mina prickar och fl\u00e4ckar som \u00e4r i fokus, fram f\u00f6r allt d\u00e5 mina vita prickar.<\/p>\n<p><a href=\"http:\/\/blogg.improveme.se\/marieoddsson\/files\/2016\/08\/IMG_36131-e1470047449211.jpg\"><img loading=\"lazy\" decoding=\"async\" class=\"aligncenter wp-image-1925 size-full\" src=\"http:\/\/blogg.improveme.se\/marieoddsson\/files\/2016\/08\/IMG_36131-e1470047449211.jpg\" alt=\"IMG_3613[1]\" width=\"550\" height=\"733\" srcset=\"https:\/\/blogg.improveme.se\/marieoddsson\/files\/2016\/08\/IMG_36131-e1470047449211.jpg 550w, https:\/\/blogg.improveme.se\/marieoddsson\/files\/2016\/08\/IMG_36131-e1470047449211-225x300.jpg 225w\" sizes=\"auto, (max-width: 550px) 100vw, 550px\" \/><\/a><\/p>\n<p>Jag har dem \u00f6verallt men fram f\u00f6r allt s\u00e5 syns dem p\u00e5 mina armar, br\u00f6st och ben. Sm\u00e5 helt vita pigmentl\u00f6sa fl\u00e4ckar som lyser med sin fr\u00e5nvaro av pigment. De uppkommer ofta som f\u00f6ljd av en kronisk solskada. S\u00e5dana \u00e4r mycket vanliga och f\u00f6rekommer i n\u00e5gon omfattning hos n\u00e4stan alla m\u00e4nniskor som solat sig en del genom \u00e5ren. I all fall f\u00f6r oss som inte visste n\u00e5got om solningen baksida. Herre gud, man gick till apoteket och k\u00f6pte jordn\u00f6tsolja, tog en cellofanfilt och voila! S\u00e5 var man som en nyfriterad r\u00e4ka. Men som sagt vi visste inte lika mycket d\u00e5\u2026<br \/>\nHar man pigmentfl\u00e4ckar, oavsett typ s\u00e5 skall man f\u00f6rs\u00f6ka att begr\u00e4nsa sin exponering f\u00f6r solljus. Anv\u00e4nd en solkr\u00e4m, minst SPF 30, eftersom solen str\u00e5lar kommer att f\u00f6rv\u00e4rra ditt tillst\u00e5nd.<br \/>\nM\u00e5 gott,<br \/>\nSes i morgon<\/p>\n","protected":false},"excerpt":{"rendered":"<p>Ja ha, d\u00e5 var man tillbaka p\u00e5 jobbet igen, lite \u00e5ngest har jag. Man v\u00e4njer sig ganska fort med att bara ta dagen som den kommer och fram f\u00f6r allt, inga tider att passa. Solen ha ocks\u00e5 visar sig fr\u00e5n sin b\u00e4sta sida den h\u00e4r sommaren. Kanske lite v\u00e4l on\/off v\u00e4der sista tiden men sol &#8230; <a title=\"Semestern \u00e4r slut\" class=\"read-more\" href=\"https:\/\/blogg.improveme.se\/marieoddsson\/2016\/08\/01\/1926\/\" aria-label=\"L\u00e4s mer om Semestern \u00e4r slut\">L\u00e4s mer<\/a><\/p>\n","protected":false},"author":9656,"featured_media":0,"comment_status":"open","ping_status":"open","sticky":false,"template":"","format":"standard","meta":{"footnotes":""},"categories":[338,29,83],"tags":[428,462],"class_list":["post-1926","post","type-post","status-publish","format-standard","hentry","category-halsa-2","category-hudvard","category-sol","tag-hudforandringar","tag-pigmentsrubbningar"],"_links":{"self":[{"href":"https:\/\/blogg.improveme.se\/marieoddsson\/wp-json\/wp\/v2\/posts\/1926","targetHints":{"allow":["GET"]}}],"collection":[{"href":"https:\/\/blogg.improveme.se\/marieoddsson\/wp-json\/wp\/v2\/posts"}],"about":[{"href":"https:\/\/blogg.improveme.se\/marieoddsson\/wp-json\/wp\/v2\/types\/post"}],"author":[{"embeddable":true,"href":"https:\/\/blogg.improveme.se\/marieoddsson\/wp-json\/wp\/v2\/users\/9656"}],"replies":[{"embeddable":true,"href":"https:\/\/blogg.improveme.se\/marieoddsson\/wp-json\/wp\/v2\/comments?post=1926"}],"version-history":[{"count":0,"href":"https:\/\/blogg.improveme.se\/marieoddsson\/wp-json\/wp\/v2\/posts\/1926\/revisions"}],"wp:attachment":[{"href":"https:\/\/blogg.improveme.se\/marieoddsson\/wp-json\/wp\/v2\/media?parent=1926"}],"wp:term":[{"taxonomy":"category","embeddable":true,"href":"https:\/\/blogg.improveme.se\/marieoddsson\/wp-json\/wp\/v2\/categories?post=1926"},{"taxonomy":"post_tag","embeddable":true,"href":"https:\/\/blogg.improveme.se\/marieoddsson\/wp-json\/wp\/v2\/tags?post=1926"}],"curies":[{"name":"wp","href":"https:\/\/api.w.org\/{rel}","templated":true}]}}