{"id":1937,"date":"2016-08-04T09:25:18","date_gmt":"2016-08-04T07:25:18","guid":{"rendered":"http:\/\/blogg.improveme.se\/marieoddsson\/?p=1937"},"modified":"2016-08-04T09:25:18","modified_gmt":"2016-08-04T07:25:18","slug":"solglasogon","status":"publish","type":"post","link":"https:\/\/blogg.improveme.se\/marieoddsson\/2016\/08\/04\/solglasogon\/","title":{"rendered":"Solglas\u00f6gon"},"content":{"rendered":"<p>M\u00e5nga med mig uppskattar solens varma och ljusa str\u00e5lar. Det \u00e4r inte bara huden som kan skadas av f\u00f6r mycket UV-str\u00e5lning, \u00e4ven dina \u00f6gon kan skadas av solljus.<br \/>\nJag tillh\u00f6r dem som har s\u00e5 sv\u00e5rt att anv\u00e4nda glas\u00f6gon \u00f6verhuvudtaget, s\u00e5 med andra ord har jag varit riktigt d\u00e5lig p\u00e5 att anv\u00e4nda solglas\u00f6gon och numera l\u00e4sglas\u00f6gon. Jag gillar inte n\u00e4r det k\u00e4nns som om jag har n\u00e5got i ansiktet, n\u00e5got \u00e4r liksom i v\u00e4gen.<br \/>\nMen som sagt nu har jag f\u00e5tt ytterligare ett par solglas\u00f6gon av min man, s\u00e5\u00a0 jag g\u00f6r ett nytt f\u00f6rs\u00f6k.<\/p>\n<p><a href=\"http:\/\/blogg.improveme.se\/marieoddsson\/files\/2016\/08\/IMG_35271-e1470295179209.jpg\"><img loading=\"lazy\" decoding=\"async\" class=\"aligncenter wp-image-1936 size-full\" src=\"http:\/\/blogg.improveme.se\/marieoddsson\/files\/2016\/08\/IMG_35271-e1470295179209.jpg\" alt=\"IMG_3527[1]\" width=\"733\" height=\"550\" srcset=\"https:\/\/blogg.improveme.se\/marieoddsson\/files\/2016\/08\/IMG_35271-e1470295179209.jpg 733w, https:\/\/blogg.improveme.se\/marieoddsson\/files\/2016\/08\/IMG_35271-e1470295179209-300x225.jpg 300w\" sizes=\"auto, (max-width: 733px) 100vw, 733px\" \/><\/a><\/p>\n<p>F\u00f6r\u00a0solglas\u00f6gon kan man skydda \u00f6gonen fr\u00e5n skadlig str\u00e5lning som kan\u00a0f\u00f6rst\u00f6ra \u00f6gonen p\u00e5 olika vis. Gr\u00e5 starr d\u00e4r \u00f6gats lins grumlas vilket st\u00f6r synen. Detta g\u00e5r att operera bort genom att byta ut din \u00f6gonlins. En ganska l\u00e4tt operation om jag f\u00f6rst\u00e5r det hela r\u00e4tt, men oskuret \u00e4r alltid b\u00e4st.<br \/>\nMan kan \u00e4ven f\u00e5 \u00e5ldersf\u00f6r\u00e4ndringar i gula fl\u00e4cken (s.k. makuladegeneration), det g\u00f6r att omr\u00e5det mitt i synf\u00e4ltet \u00e4r skadat medans sidoseendet f\u00f6rblir friskt. Just d\u00e4r man tittar finns en st\u00f6rande fl\u00e4ck. H\u00e4r finns i dag \u00e4nnu ingen effektiv behandling men forskning p\u00e5g\u00e5r.<br \/>\nSom tur \u00e4r s\u00e5 \u00e4r de flesta ganska duktiga p\u00e5 att anv\u00e4nda solglas\u00f6gon d\u00e5 det \u00e4r snyggt, coolt, inne (vissa b\u00e4r dem ocks\u00e5 inomhus?!), men ifall att det finns fler som jag. Det finns en anledning att b\u00e4ra solglas\u00f6gon f\u00f6rutom att vara cool, skydda dina \u00f6gon.<br \/>\nSes i morgon<\/p>\n<p>&nbsp;<\/p>\n","protected":false},"excerpt":{"rendered":"<p>M\u00e5nga med mig uppskattar solens varma och ljusa str\u00e5lar. Det \u00e4r inte bara huden som kan skadas av f\u00f6r mycket UV-str\u00e5lning, \u00e4ven dina \u00f6gon kan skadas av solljus. Jag tillh\u00f6r dem som har s\u00e5 sv\u00e5rt att anv\u00e4nda glas\u00f6gon \u00f6verhuvudtaget, s\u00e5 med andra ord har jag varit riktigt d\u00e5lig p\u00e5 att anv\u00e4nda solglas\u00f6gon och numera l\u00e4sglas\u00f6gon. &#8230; <a title=\"Solglas\u00f6gon\" class=\"read-more\" href=\"https:\/\/blogg.improveme.se\/marieoddsson\/2016\/08\/04\/solglasogon\/\" aria-label=\"L\u00e4s mer om Solglas\u00f6gon\">L\u00e4s mer<\/a><\/p>\n","protected":false},"author":9656,"featured_media":0,"comment_status":"open","ping_status":"open","sticky":false,"template":"","format":"standard","meta":{"footnotes":""},"categories":[338,29,83],"tags":[464,465],"class_list":["post-1937","post","type-post","status-publish","format-standard","hentry","category-halsa-2","category-hudvard","category-sol","tag-solglasogon","tag-uv-skydd"],"_links":{"self":[{"href":"https:\/\/blogg.improveme.se\/marieoddsson\/wp-json\/wp\/v2\/posts\/1937","targetHints":{"allow":["GET"]}}],"collection":[{"href":"https:\/\/blogg.improveme.se\/marieoddsson\/wp-json\/wp\/v2\/posts"}],"about":[{"href":"https:\/\/blogg.improveme.se\/marieoddsson\/wp-json\/wp\/v2\/types\/post"}],"author":[{"embeddable":true,"href":"https:\/\/blogg.improveme.se\/marieoddsson\/wp-json\/wp\/v2\/users\/9656"}],"replies":[{"embeddable":true,"href":"https:\/\/blogg.improveme.se\/marieoddsson\/wp-json\/wp\/v2\/comments?post=1937"}],"version-history":[{"count":0,"href":"https:\/\/blogg.improveme.se\/marieoddsson\/wp-json\/wp\/v2\/posts\/1937\/revisions"}],"wp:attachment":[{"href":"https:\/\/blogg.improveme.se\/marieoddsson\/wp-json\/wp\/v2\/media?parent=1937"}],"wp:term":[{"taxonomy":"category","embeddable":true,"href":"https:\/\/blogg.improveme.se\/marieoddsson\/wp-json\/wp\/v2\/categories?post=1937"},{"taxonomy":"post_tag","embeddable":true,"href":"https:\/\/blogg.improveme.se\/marieoddsson\/wp-json\/wp\/v2\/tags?post=1937"}],"curies":[{"name":"wp","href":"https:\/\/api.w.org\/{rel}","templated":true}]}}