{"id":1955,"date":"2016-08-12T10:23:58","date_gmt":"2016-08-12T08:23:58","guid":{"rendered":"http:\/\/blogg.improveme.se\/marieoddsson\/?p=1955"},"modified":"2016-08-12T10:23:58","modified_gmt":"2016-08-12T08:23:58","slug":"farg-for-dina-ogon-och-fransar","status":"publish","type":"post","link":"https:\/\/blogg.improveme.se\/marieoddsson\/2016\/08\/12\/farg-for-dina-ogon-och-fransar\/","title":{"rendered":"F\u00e4rg f\u00f6r dina \u00f6gon och fransar"},"content":{"rendered":"<p>Det \u00e4r fantastiskt vad lite frans- och brynf\u00e4rg kan g\u00f6ra, ett billigt lyft f\u00f6r ansiktet. Fort, enkelt och synligt resultat med en g\u00e5ng. Det \u00e4r ett enkelt s\u00e4tt att sk\u00e4mma bort sin lillasyster p\u00e5.<\/p>\n<p><a href=\"http:\/\/blogg.improveme.se\/marieoddsson\/files\/2016\/08\/IMG_36241-e1470989547702.jpg\"><img loading=\"lazy\" decoding=\"async\" class=\"aligncenter size-large wp-image-1954\" src=\"http:\/\/blogg.improveme.se\/marieoddsson\/files\/2016\/08\/IMG_36241-755x566.jpg\" alt=\"IMG_3624[1]\" width=\"755\" height=\"566\" \/><\/a><\/p>\n<p>Det roliga \u00e4r att s\u00e5 fort hon ligger i fransf\u00e4rgning s\u00e5 halvsover hon, de blir ett giltigt s\u00e4tt att koppla av.\u00a0Sen n\u00e4r vi \u00e4r f\u00e4rdiga s\u00e5 ser hon b\u00e5de piggare och snyggare ut en innan. S\u00e5 denna lilla enkla och snabba behandling \u00e4r n\u00e5got som alla b\u00f6r g\u00f6ra. Speciellt efter sommaren d\u00e5 fransar och bryn \u00e4r lite blekta. Avslutar med lite Jabushe Eye Lif Serum s\u00e5 att cirkulationen kommer ig\u00e5ng igen. Hoppas nu bara att vi f\u00e5r lite fint v\u00e4der i helgen,<\/p>\n<p>Trevlig helg p\u00e5 er!<\/p>\n<p>&nbsp;<\/p>\n<p>&nbsp;<\/p>\n","protected":false},"excerpt":{"rendered":"<p>Det \u00e4r fantastiskt vad lite frans- och brynf\u00e4rg kan g\u00f6ra, ett billigt lyft f\u00f6r ansiktet. Fort, enkelt och synligt resultat med en g\u00e5ng. Det \u00e4r ett enkelt s\u00e4tt att sk\u00e4mma bort sin lillasyster p\u00e5. Det roliga \u00e4r att s\u00e5 fort hon ligger i fransf\u00e4rgning s\u00e5 halvsover hon, de blir ett giltigt s\u00e4tt att koppla av.\u00a0Sen &#8230; <a title=\"F\u00e4rg f\u00f6r dina \u00f6gon och fransar\" class=\"read-more\" href=\"https:\/\/blogg.improveme.se\/marieoddsson\/2016\/08\/12\/farg-for-dina-ogon-och-fransar\/\" aria-label=\"L\u00e4s mer om F\u00e4rg f\u00f6r dina \u00f6gon och fransar\">L\u00e4s mer<\/a><\/p>\n","protected":false},"author":9656,"featured_media":0,"comment_status":"open","ping_status":"open","sticky":false,"template":"","format":"standard","meta":{"footnotes":""},"categories":[338,29],"tags":[472,473],"class_list":["post-1955","post","type-post","status-publish","format-standard","hentry","category-halsa-2","category-hudvard","tag-frans-och-brynfarg","tag-jabuhe-eye-lift-serum"],"_links":{"self":[{"href":"https:\/\/blogg.improveme.se\/marieoddsson\/wp-json\/wp\/v2\/posts\/1955","targetHints":{"allow":["GET"]}}],"collection":[{"href":"https:\/\/blogg.improveme.se\/marieoddsson\/wp-json\/wp\/v2\/posts"}],"about":[{"href":"https:\/\/blogg.improveme.se\/marieoddsson\/wp-json\/wp\/v2\/types\/post"}],"author":[{"embeddable":true,"href":"https:\/\/blogg.improveme.se\/marieoddsson\/wp-json\/wp\/v2\/users\/9656"}],"replies":[{"embeddable":true,"href":"https:\/\/blogg.improveme.se\/marieoddsson\/wp-json\/wp\/v2\/comments?post=1955"}],"version-history":[{"count":0,"href":"https:\/\/blogg.improveme.se\/marieoddsson\/wp-json\/wp\/v2\/posts\/1955\/revisions"}],"wp:attachment":[{"href":"https:\/\/blogg.improveme.se\/marieoddsson\/wp-json\/wp\/v2\/media?parent=1955"}],"wp:term":[{"taxonomy":"category","embeddable":true,"href":"https:\/\/blogg.improveme.se\/marieoddsson\/wp-json\/wp\/v2\/categories?post=1955"},{"taxonomy":"post_tag","embeddable":true,"href":"https:\/\/blogg.improveme.se\/marieoddsson\/wp-json\/wp\/v2\/tags?post=1955"}],"curies":[{"name":"wp","href":"https:\/\/api.w.org\/{rel}","templated":true}]}}