{"id":1967,"date":"2016-08-22T10:38:18","date_gmt":"2016-08-22T08:38:18","guid":{"rendered":"http:\/\/blogg.improveme.se\/marieoddsson\/?p=1967"},"modified":"2016-08-22T10:38:18","modified_gmt":"2016-08-22T08:38:18","slug":"pa-hog-hojd","status":"publish","type":"post","link":"https:\/\/blogg.improveme.se\/marieoddsson\/2016\/08\/22\/pa-hog-hojd\/","title":{"rendered":"P\u00e5 h\u00f6g h\u00f6jd"},"content":{"rendered":"<p>Var p\u00e5 kickoff med jobbet i f\u00f6rra veckan vid Isaberg. Denna ort ligger i Sm\u00e5landsfj\u00e4llen och har en l\u00e5ng tradition som semester- och rekreationsort f\u00f6r friluftsm\u00e4nniskor. Jag hade f\u00e5tt f\u00f6r mig att vi skulle kl\u00e4ttra p\u00e5 en bergv\u00e4gg, men s\u00e5 var inte fallet. I st\u00e4llet s\u00e5 var det Isaberg Tree Top Adventure som v\u00e4ntade, en h\u00f6gh\u00f6jdsband. Denna bana \u00e4r byggd ibland tr\u00e4den och det inneb\u00e4r att man skall f\u00f6rflytta sig mellan plattformar l\u00e4ngs banor p\u00e5 olika niv\u00e5er med hinder som erbjuder olika slags utmaningar: balansg\u00e5ng, kl\u00e4ttring, hopp och koordinationsmoment. Vi b\u00f6rjade med en muntlig genomg\u00e5ng och efter det s\u00e5 var s\u00e5 skulle vi alla g\u00f6ra en testomg\u00e5ng. Detta f\u00f6ra att vi m\u00e5ste visa att vi kunde hantera sele och karbinhakar. S\u00e5 nu var det bara att v\u00e4lja mellan fyra olika banor, d\u00e4r gr\u00f6n\/1 var l\u00e4ttast p\u00e5 l\u00e5g h\u00f6jd och enkla hinder till svart\/4 som bitvis \u00e4r p\u00e5 15 m h\u00f6jd och kr\u00e4ver en mer fysik och \u00e4r ett riktigt mentalt kraftprov.<br \/>\nSj\u00e4lv var jag inte f\u00f6rberedd p\u00e5 denna typ av aktivitet, sen \u00e4r jag inte s\u00e5 f\u00f6rtjust i att r\u00f6ra mig uppe i luften och speciellt inte p\u00e5 saker som \u00e4r l\u00f6sa och r\u00f6r sig b\u00e5de fram\/bak\/sidledes.<br \/>\nN\u00e5ja, vi var n\u00e5gra som best\u00e4mde oss f\u00f6r Bl\u00e5\/2, en medium bana som var 8-15 h\u00f6g. Psyket spelar en verkligen ett spratt n\u00e4r man st\u00e5r x antal meter upp i luften och skall kliva ut p\u00e5 stockar som sitter som gungor efter varandra, med bara sm\u00e5 linor att h\u00e5lla sig i. Sj\u00e4lv fick jag resonera med mig sj\u00e4lv, kan jag, vill jag, ska jag? Efter ett kort resonemang s\u00e5 best\u00e4mde jag mig f\u00f6r att fokusera, sen klev jag rakt ut\u2026. (det k\u00e4ndes s\u00e5 i alla fall).<\/p>\n<p><a href=\"http:\/\/blogg.improveme.se\/marieoddsson\/files\/2016\/08\/marie3-e1471854932681.jpg\"><img loading=\"lazy\" decoding=\"async\" class=\"aligncenter size-large wp-image-1968\" src=\"http:\/\/blogg.improveme.se\/marieoddsson\/files\/2016\/08\/marie3-755x503.jpg\" alt=\"marie3\" width=\"755\" height=\"503\" \/><\/a><\/p>\n<p>Det b\u00e4sta med denna bana var alla l\u00e5nga linbanor, s\u00e5 h\u00e4rligt och lite kill i magen. V\u00e4l nere fr\u00e5n bl\u00e5 banan m\u00e5dde jag illa, antar att det kanske berodde p\u00e5 adrenalinkicken. N\u00e5gon kollega sprang f\u00f6rbi och vr\u00e5lade, d\u00e5 tar vi n\u00e4sta. Innan jag visste ordet av s\u00e5 var jag uppe i bana R\u00f6d\/3, en mer teknisk bana som kr\u00e4ver mer kraft och mod. Sj\u00e4lv tyckte jag att den h\u00e4r var \u201dl\u00e4ttare\u201d, kanske f\u00f6r att den inte l\u00e5g lika h\u00f6gt upp. V\u00e4l nere fr\u00e5n denna bana s\u00e5 k\u00e4nde jag mig riktigt stolt, glad och n\u00f6jd med mig sj\u00e4lv. Kort och gott jag k\u00e4nde mig som Modesty Blaise. S\u00e5 f\u00f6r mig var det sj\u00e4lvklart att sluta. N\u00e5gra av mina kollegor tog \u00e4ven den sv\u00e5raste banan, Svart\/4, beundransv\u00e4rt! D\u00e5 den var tekniskt mycket sv\u00e5r. Skall till\u00e4gga att detta kan \u00e4ven barn g\u00f6ra fr\u00e5n 8-12 \u00e5r med vuxet s\u00e4llskap (inte bana 4, d\u00e5 m\u00e5ste du vara 12 \u00e5r). I vilket fall som helst s\u00e5 var jag n\u00f6jd och glad \u00f6ver att ha resonerat p\u00e5 ett bra s\u00e4tt med mig sj\u00e4lv och att jag genomf\u00f6rde de tv\u00e5 mellersta banorna.<br \/>\nSes i morgon<\/p>\n","protected":false},"excerpt":{"rendered":"<p>Var p\u00e5 kickoff med jobbet i f\u00f6rra veckan vid Isaberg. Denna ort ligger i Sm\u00e5landsfj\u00e4llen och har en l\u00e5ng tradition som semester- och rekreationsort f\u00f6r friluftsm\u00e4nniskor. Jag hade f\u00e5tt f\u00f6r mig att vi skulle kl\u00e4ttra p\u00e5 en bergv\u00e4gg, men s\u00e5 var inte fallet. I st\u00e4llet s\u00e5 var det Isaberg Tree Top Adventure som v\u00e4ntade, en &#8230; <a title=\"P\u00e5 h\u00f6g h\u00f6jd\" class=\"read-more\" href=\"https:\/\/blogg.improveme.se\/marieoddsson\/2016\/08\/22\/pa-hog-hojd\/\" aria-label=\"L\u00e4s mer om P\u00e5 h\u00f6g h\u00f6jd\">L\u00e4s mer<\/a><\/p>\n","protected":false},"author":9656,"featured_media":0,"comment_status":"open","ping_status":"open","sticky":false,"template":"","format":"standard","meta":{"footnotes":""},"categories":[338,29],"tags":[475,2],"class_list":["post-1967","post","type-post","status-publish","format-standard","hentry","category-halsa-2","category-hudvard","tag-isaberg","tag-traning"],"_links":{"self":[{"href":"https:\/\/blogg.improveme.se\/marieoddsson\/wp-json\/wp\/v2\/posts\/1967","targetHints":{"allow":["GET"]}}],"collection":[{"href":"https:\/\/blogg.improveme.se\/marieoddsson\/wp-json\/wp\/v2\/posts"}],"about":[{"href":"https:\/\/blogg.improveme.se\/marieoddsson\/wp-json\/wp\/v2\/types\/post"}],"author":[{"embeddable":true,"href":"https:\/\/blogg.improveme.se\/marieoddsson\/wp-json\/wp\/v2\/users\/9656"}],"replies":[{"embeddable":true,"href":"https:\/\/blogg.improveme.se\/marieoddsson\/wp-json\/wp\/v2\/comments?post=1967"}],"version-history":[{"count":0,"href":"https:\/\/blogg.improveme.se\/marieoddsson\/wp-json\/wp\/v2\/posts\/1967\/revisions"}],"wp:attachment":[{"href":"https:\/\/blogg.improveme.se\/marieoddsson\/wp-json\/wp\/v2\/media?parent=1967"}],"wp:term":[{"taxonomy":"category","embeddable":true,"href":"https:\/\/blogg.improveme.se\/marieoddsson\/wp-json\/wp\/v2\/categories?post=1967"},{"taxonomy":"post_tag","embeddable":true,"href":"https:\/\/blogg.improveme.se\/marieoddsson\/wp-json\/wp\/v2\/tags?post=1967"}],"curies":[{"name":"wp","href":"https:\/\/api.w.org\/{rel}","templated":true}]}}